{"id":984,"date":"2016-06-07T17:49:22","date_gmt":"2016-06-07T16:49:22","guid":{"rendered":"http:\/\/vincenzosportelli.lu\/wp\/?p=984"},"modified":"2017-11-27T18:14:57","modified_gmt":"2017-11-27T17:14:57","slug":"menace-ii-society","status":"publish","type":"post","link":"http:\/\/vincenzosportelli.lu\/wp\/?p=984","title":{"rendered":"Menace II Society"},"content":{"rendered":"<p>Je ne sais pas si vous avez vu\u00a0le film mais c&#8217;est un film sur la violence dans les cit\u00e9s am\u00e9ricaines. Prenons l&#8217;exemple de Los Angeles, il parait que la violence y a baiss\u00e9. Peu se demandent pourquoi. Une des raisons est que pour un jeune noir dans une cit\u00e9 d\u00e9laiss\u00e9e il n&#8217;y a que peu de choix possibles, la mort ou la prison et comme beaucoup de ces jeunes sont morts ou en prison la violence a baiss\u00e9 faute d&#8217;acteurs sur place. C&#8217;est aussi simple que \u00e7a. Et les autorit\u00e9s ont permis que dans les quartiers noirs circulait une \u00e9norme quantit\u00e9 d&#8217;armes, m\u00eame des armes de guerre, qui ont servi aux Noirs \u00e0 s&#8217;entretuer entre eux. Et puis il y a eu l&#8217;apparition de nouvelles drogues, tr\u00e8s\u00a0dangereuses qui font de l&#8217;effet tout de suite et qui ont, elles aussi, tu\u00e9 beaucoup de gens. Voil\u00e0 comment aux Etats-Unis ils ont r\u00e9ussi \u00e0 faire baisser les taux de criminalit\u00e9 dans les quartiers sensibles. Et il y en a, surtout en France, qui veulent imiter l&#8217;exemple am\u00e9ricain. Prenons l&#8217;exemple de la guerre en Syrie: je n&#8217;ai pas de preuves mais j&#8217;ai le sentiment que beaucoup de jeunes issus des banlieues en France et en Belgique ont pu partir combattre en Syrie sans rencontrer trop de difficult\u00e9s sur leur voyage, au su des autorit\u00e9s qui esp\u00e8rent comme \u00e7a s&#8217;en d\u00e9barrasser. J&#8217;ai m\u00eame peur que la Turquie ait conclu un accord avec les pays europ\u00e9ens pour laisser passer ces jeunes. C&#8217;est tr\u00e8s grave ce que j&#8217;\u00e9cris, il me manque des preuves, c&#8217;est vrai, mais alors une question: comment est-ce possible que des milliers de combattants, des dizaines de milliers de combattants \u00e9trangers, aient pu franchir les fronti\u00e8res vers la Syrie en toute qui\u00e9tude ? Surtout les fronti\u00e8res entre la Turquie et la Syrie, mais aussi entre la Syrie et l&#8217;Irak. Ceci ne peut pas \u00eatre un hasard. Sans parler des livraisons d&#8217;armes. Ce doute est aussi partag\u00e9 par de nombreuses autres personnes comme la s\u0153ur chr\u00e9tienne Marie-Agn\u00e8s de la Croix, cette c\u00e9l\u00e8bre s\u0153ur libano-syrienne qui a donn\u00e9 beaucoup de t\u00e9moignages sur la guerre en Syrie et qui est une r\u00e9f\u00e9rence dans le monde entier. On peut entrer son nom dans le moteur de recherche pour trouver d&#8217;innombrables t\u00e9moignages de s\u0153ur Marie-Agn\u00e8s et qui ne sont s\u00fbrement pas des mensonges. Je ne sais pas si les gens qui doutent de mes paroles se rendent compte de la dangerosit\u00e9 de l&#8217;exemple am\u00e9ricain. Je ne sais pas si en secret des accords sont conclus, \u00e0 l&#8217;insu de l&#8217;opinion publique, qui sont tout simplement criminels et que beaucoup de gens ont peur de voir les choses en face. Car cette guerre en Syrie semble \u00eatre loin mais elle peut aussi s&#8217;exporter vers l&#8217;Europe comme le d\u00e9montrent les attentats du 13 novembre \u00e0 Paris. Ce que nous savons est grave mais ce que nous ne savons pas est encore pire. Le probl\u00e8me de la criminalit\u00e9 en France, qui est d\u00e9j\u00e0 parmi les plus \u00e9lev\u00e9s dans le monde industrialis\u00e9, est per\u00e7u surtout comme une question s\u00e9curitaire (et soyons francs: aussi une question m\u00e9diato-politique), alors que ce probl\u00e8me est surtout un probl\u00e8me social li\u00e9 \u00e0 des probl\u00e8mes d&#8217;int\u00e9gration et de mouvements de classes sociales. Il serait peut-\u00eatre plus judicieux de s&#8217;attaquer au probl\u00e8me de la mixit\u00e9 sociale et ethnique, qu&#8217;il faudrait r\u00e9soudre en premier lieu. Et il y a beaucoup de &#8220;menace II society&#8221; en Europe&#8230;<\/p>\n<div class='watch-action'><div class='watch-position align-left'><div class='action-like'><a class='lbg-style1 like-984 jlk' href='javascript:void(0)' data-task='like' data-post_id='984' data-nonce='e5e789cc62' rel='nofollow'><img class='wti-pixel' src='http:\/\/vincenzosportelli.lu\/wp\/wp-content\/plugins\/wti-like-post\/images\/pixel.gif' title='Like' \/><span class='lc-984 lc'>0<\/span><\/a><\/div><div class='action-unlike'><a class='unlbg-style1 unlike-984 jlk' href='javascript:void(0)' data-task='unlike' data-post_id='984' data-nonce='e5e789cc62' rel='nofollow'><img class='wti-pixel' src='http:\/\/vincenzosportelli.lu\/wp\/wp-content\/plugins\/wti-like-post\/images\/pixel.gif' title='Unlike' \/><span class='unlc-984 unlc'>0<\/span><\/a><\/div> <\/div> <div class='status-984 status align-left'><\/div><\/div><div class='wti-clear'><\/div>","protected":false},"excerpt":{"rendered":"<p>Je ne sais pas si vous avez vu\u00a0le film mais c&#8217;est un film sur la violence dans les cit\u00e9s am\u00e9ricaines. Prenons l&#8217;exemple de Los Angeles, il parait que la violence y a baiss\u00e9. Peu se demandent pourquoi. Une des raisons &hellip; <a href=\"http:\/\/vincenzosportelli.lu\/wp\/?p=984\">Continue reading <span class=\"meta-nav\">&rarr;<\/span><\/a><\/p>\n","protected":false},"author":1,"featured_media":0,"comment_status":"open","ping_status":"open","sticky":false,"template":"","format":"standard","meta":{"footnotes":""},"categories":[1],"tags":[],"class_list":["post-984","post","type-post","status-publish","format-standard","hentry","category-uncategorized"],"_links":{"self":[{"href":"http:\/\/vincenzosportelli.lu\/wp\/index.php?rest_route=\/wp\/v2\/posts\/984","targetHints":{"allow":["GET"]}}],"collection":[{"href":"http:\/\/vincenzosportelli.lu\/wp\/index.php?rest_route=\/wp\/v2\/posts"}],"about":[{"href":"http:\/\/vincenzosportelli.lu\/wp\/index.php?rest_route=\/wp\/v2\/types\/post"}],"author":[{"embeddable":true,"href":"http:\/\/vincenzosportelli.lu\/wp\/index.php?rest_route=\/wp\/v2\/users\/1"}],"replies":[{"embeddable":true,"href":"http:\/\/vincenzosportelli.lu\/wp\/index.php?rest_route=%2Fwp%2Fv2%2Fcomments&post=984"}],"version-history":[{"count":14,"href":"http:\/\/vincenzosportelli.lu\/wp\/index.php?rest_route=\/wp\/v2\/posts\/984\/revisions"}],"predecessor-version":[{"id":2061,"href":"http:\/\/vincenzosportelli.lu\/wp\/index.php?rest_route=\/wp\/v2\/posts\/984\/revisions\/2061"}],"wp:attachment":[{"href":"http:\/\/vincenzosportelli.lu\/wp\/index.php?rest_route=%2Fwp%2Fv2%2Fmedia&parent=984"}],"wp:term":[{"taxonomy":"category","embeddable":true,"href":"http:\/\/vincenzosportelli.lu\/wp\/index.php?rest_route=%2Fwp%2Fv2%2Fcategories&post=984"},{"taxonomy":"post_tag","embeddable":true,"href":"http:\/\/vincenzosportelli.lu\/wp\/index.php?rest_route=%2Fwp%2Fv2%2Ftags&post=984"}],"curies":[{"name":"wp","href":"https:\/\/api.w.org\/{rel}","templated":true}]}}