{"id":897,"date":"2016-04-22T17:32:39","date_gmt":"2016-04-22T16:32:39","guid":{"rendered":"http:\/\/vincenzosportelli.lu\/wp\/?p=897"},"modified":"2017-08-25T12:55:57","modified_gmt":"2017-08-25T11:55:57","slug":"apocalypse-arabe","status":"publish","type":"post","link":"http:\/\/vincenzosportelli.lu\/wp\/?p=897","title":{"rendered":"Apocalypse arabe"},"content":{"rendered":"<p>Le monde arabe va mal mais \u00e7a date pas d&#8217;aujourd&#8217;hui et je pense que le pire n&#8217;est pas encore venu.<\/p>\n<p>Commen\u00e7ons par la trag\u00e9die palestinienne, celle o\u00f9 tous les Arabes sont d&#8217;accord que c&#8217;est une catastrophe. On constate qu&#8217;en Europe surtout, dans les banlieues, les jeunes Arabes s&#8217;identifient aux Palestiniens alors que c&#8217;est un conflit complexe o\u00f9 les responsabilit\u00e9s sont partag\u00e9es. Ce conflit a une influence notable sur le monde arabe. Malheureusement m\u00eame si la crise palestinienne serait r\u00e9solue le monde arabe n&#8217;irait pas mieux.<\/p>\n<p>Retournons plus loin encore, du temps de la colonisation. Qui ne se rappelle pas que du temps de la colonisation, le monde arabe \u00e9tait connu pour \u00eatre un haut-lieu de la prostitution? Il y avait d\u00e9j\u00e0 \u00e0 l&#8217;\u00e9poque un tourisme sexuel et la destination n&#8217;\u00e9tait pas la Tha\u00eflande ou le Br\u00e9sil mais bien le monde arabe. La prostitution \u00e9tait tellement r\u00e9pandue qu&#8217;on peut dire que la femme arabe a subi une humiliation dans le plus profond de soi. Peut-\u00eatre ceci explique l&#8217;extr\u00eame pudeur des femmes arabes d&#8217;aujourd&#8217;hui. Il n&#8217;y a presque plus de femmes arabes musulmanes non voil\u00e9es.<\/p>\n<p>Et puis il y\u00a0a eu\u00a0la guerre d&#8217;Alg\u00e9rie, une guerre qui va laisser des traces tr\u00e8s profondes et ce pour plusieurs g\u00e9n\u00e9rations en Alg\u00e9rie. Cette guerre n&#8217;aurait pas d\u00fb avoir lieu, honte \u00e0 la France ! Qu&#8217;y a-t-il eu\u00a0apr\u00e8s la colonisation ? Ou plut\u00f4t qu&#8217;est-ce qu&#8217;il n&#8217;y a pas eu ? Une d\u00e9mocratie et un \u00e9tat de droit digne de ce nom. Non il n&#8217;y a eu que des r\u00e9gimes autoritaires et corrompus. Les Arabes n&#8217;ont jamais connu la libert\u00e9. Ce qu&#8217;ils connaissent le mieux est la mis\u00e8re et le ch\u00f4mage, le manque de perspectives. Il y a une exception: les riches monarchies p\u00e9troli\u00e8res du Golfe. Ces pays ne sont pas libres mais ils sont tellement riches qu&#8217;ils peuvent s&#8217;acheter le silence de leurs populations. En plus dans ces pays il y a un tr\u00e8s fort pourcentage d&#8217;\u00e9trangers. Etrangers qui ont peu de droits, sauf rares exceptions.<\/p>\n<p>Le monde arabe a essay\u00e9 la libert\u00e9 et la d\u00e9mocratie en d\u00e9cembre 2010, les populations se sont r\u00e9volt\u00e9es et quelques dictateurs ont \u00e9t\u00e9 chass\u00e9s. Il a r\u00e9ussi en partie en Tunisie mais c&#8217;est l&#8217;exception qui confirme la r\u00e8gle.\u00a0Partout ailleurs cela s&#8217;est mal termin\u00e9: guerres et\/ou chaos. Et dans ce chaos on essaie d&#8217;\u00e9liminer la diff\u00e9rence et les Arabes ne supportent pas les autres religions comme les Chr\u00e9tiens. Ils sont en train de chasser les\u00a0derniers chr\u00e9tiens d&#8217;Irak et de Syrie. Voil\u00e0 que Arabe rime de plus en plus avec musulman. Les Arabes, sauf quelques rares exceptions,\u00a0ne supportent pas non plus que parmi eux il y ait des musulmans diff\u00e9rents d&#8217;eux comme par exemple\u00a0les chiites. Mais il y a aussi les Noirs, les Kurdes\u00a0ou\u00a0les Kabyles.\u00a0Le racisme est un probl\u00e8me dans le monde arabe, un probl\u00e8me dont on ne parle pas assez.<\/p>\n<p>Voil\u00e0 en r\u00e9sum\u00e9 le monde arabe: un monde presque exclusivement musulman, ignorant,\u00a0pauvre, enferm\u00e9, opprim\u00e9, intol\u00e9rant, misogyne et &#8211; last pas not least &#8211; extr\u00e9miste.<\/p>\n<p>Maintenant regardons vers l&#8217;avenir. Mais est-ce qu&#8217;il y a un avenir ? Le seul pays qui semble avancer\u00a0est le Maroc, tous les autres pays arabes reculent ou pi\u00e9tinent sur place. Que peuvent faire les populations? Elles sont trop surveill\u00e9es pour pouvoir changer quoi que ce soit. Donc il ne reste plus que l&#8217;\u00e9migration. La plupart des jeunes veulent partir. D&#8217;autres se joignent aux groupes islamistes ou criminels ou deviennent apathiques. Un autre probl\u00e8me est que les pays arabes ne tiennent pas ensemble, sauf en ce qui concerne la question palestinienne. Non c&#8217;est chacun pour soi ou presque.<\/p>\n<p>Une chose que la crise palestinienne a export\u00e9 partout dans le monde arabe et non sont les attentats-suicides. Cette vie qui ne vaut plus rien, mieux vaut la jeter en entra\u00eenant d&#8217;autres dans la mort. Le d\u00e9sespoir \u00e0 son comble. Non les Arabes ne s&#8217;attendent rien de la vie, pour eux la vie n&#8217;est que souffrance. &#8220;Dans toute ma vie je n&#8217;est pas \u00e9t\u00e9 heureux un seul jour&#8221; a dit\u00a0un r\u00e9fugi\u00e9 syrien \u00e0 une t\u00e9l\u00e9vision allemande\u00a0mais \u00e7a aurait pu \u00eatre n&#8217;importe quel Arabe. Alors nous Occidentaux qu&#8217;est-ce que nous pouvons faire ? Rien car nos politiciens\u00a0ne font qu&#8217;aggraver les choses. Il faut savoir que le nombre de musulmans, d\u00fb \u00e0 la d\u00e9mographie galopante, est en train de d\u00e9passer\u00a0celui des chr\u00e9tiens donc le monde arabo-musulman est per\u00e7u comme une menace par nos gouvernants. Finalement des Arabes qui s&#8217;entretuent comme en Syrie les arrangent bien car, malgr\u00e9 les apparences, les Occidentaux veulent la destruction de la Syrie. La Syrie \u00e9tait consid\u00e9r\u00e9 un \u00e9tat-voyou qui soutenait les terroristes, il fallait qu&#8217;elle soit rendu inoffensive (surtout pour Isra\u00ebl). Et ce pays est d\u00e9truit \u00e0 tout jamais. Donc le passe-temps favori des Arabes est de faire des enfants ? On pourrait le croire, car ils n&#8217;ont rien d&#8217;autres \u00e0 faire.<\/p>\n<p>Mais vous allez me dire: &#8220;mais on a de bonnes relations avec les pays du Golfe !&#8221; Oui ces relations sont bonnes tant qu&#8217;ils vendent leur p\u00e9trole en dollars car s&#8217;ils veulent changer \u00e7a ils risquent de se faire attaquer comme avec Saddam Hussein qui voulait vendre son p\u00e9trole en euros. Les pays du Golfe ne nous per\u00e7oivent pas comme des amis, c&#8217;est de l\u00e0 que viennent les t\u00eates pensantes et l&#8217;argent\u00a0de l&#8217;islamisme radical.\u00a0Comme disait la chanson de Bob Marley: &#8220;ton pire ennemi peut \u00eatre ton ami&#8221;. O\u00f9 sont les amis dans le monde arabe ? Nous ne m\u00e9ritons pas d&#8217;\u00eatre leurs amis car nous les avons trahis.<\/p>\n<p>Donc voil\u00e0 aussi\u00a0le monde arabe: un monde impr\u00e9visible,\u00a0incoh\u00e9rent,\u00a0violent, d\u00e9sesp\u00e9r\u00e9,\u00a0peu solidaire entre lui, et m\u00e9pris\u00e9 par les autres. Il ne reste plus aux Arabes que\u00a0de prier. Le pourcentage de croyants et de pratiquants dans le\u00a0monde arabe est tr\u00e8s \u00e9lev\u00e9, proche de 100%. Car celui qui ne croit pas est per\u00e7u comme un ennemi, un tra\u00eetre. Il n&#8217;y a pas un cercle lib\u00e9ral digne de ce nom. Il n&#8217;y a pas de v\u00e9ritable gauche non plus. Que conservateurs et ultra-conservateurs.<\/p>\n<p>Mais alors il reste nos immigr\u00e9s arabes ici en Europe! C&#8217;est pas rose non plus, on est en train de perdre une g\u00e9n\u00e9ration toute enti\u00e8re. Les jeunes\u00a0partent par milliers rejoindre la Syrie. A part cela ce n&#8217;est que pr\u00e9carit\u00e9, exclusion, incompr\u00e9hension, d\u00e9sint\u00e9gration. Mais ces immigr\u00e9s arabes pourraient apprendre de nous ? Certains oui mais la plupart s&#8217;enferment dans leur monde. Presque toutes les femmes sont voil\u00e9es et on voit de plus en plus de voiles int\u00e9graux. Il y a du racisme mais est-ce que ils ne le se sont pas un peu cherch\u00e9? Et ce n&#8217;est\u00a0qu&#8217;un des nombreux malentendus.<\/p>\n<p>Bien-s\u00fbr tout n&#8217;est pas n\u00e9gatif mais le\u00a0probl\u00e8me est que sur 100 \u00e9l\u00e9ments plus de la moiti\u00e9 sont n\u00e9gatifs. D&#8217;un point de vue europ\u00e9en ces pays sont largement d\u00e9faillants. Donc il y\u00a0a du pain sur la planche. Les d\u00e9fis: d\u00e9mocratie et \u00e9tat de droit, d\u00e9veloppement, acceptation de la diff\u00e9rence, solidarit\u00e9 entre pays, esp\u00e9rance, politique d\u00e9mographique, \u00e9mancipation de la femme et des enfants, la\u00efcit\u00e9, culture\u00a0et \u00e9ducation. Et priorit\u00e9 absolue pour les\u00a0Arabes en Europe:\u00a0int\u00e9gration.\u00a0Mais est-ce que les Arabes sont pr\u00eats pour ces d\u00e9fis ? Certainement pas. Le taux d&#8217;analphab\u00e9tisme reste encore \u00e9lev\u00e9. Les politiciens ne pensent qu&#8217;\u00e0 se remplir les poches, le religieux l&#8217;emporte sur le culturel et le foss\u00e9 entre quelques riches et majorit\u00e9 pauvre est tellement grand que les d\u00e9bats et\u00a0\u00e9changes restent limit\u00e9s. En\u00a0Occident on pense que\u00a0leur plus grand d\u00e9fi est la menace islamiste mais est-ce que l&#8217;islamisme radical n&#8217;est pas nourri par tous les probl\u00e8mes \u00e9nonc\u00e9s ici ? N&#8217;est-ce pas\u00a0une cons\u00e9quence au lieu d&#8217;une cause ? Personnellement si on me dit que c&#8217;est l&#8217;islam\u00a0le probl\u00e8me moi je r\u00e9pond que l&#8217;islam est la seule chose positive dans le monde arabe. Voyez-vous d&#8217;autres choses\u00a0positives ? Moi non.<\/p>\n<p>Je dois m&#8217;arr\u00eater car j&#8217;ai les armes aux yeux,\u00a0l&#8217;horreur c&#8217;est la normalit\u00e9 et je ne vois pas de solutions \u00e0 l&#8217;horizon. Tout ceux qui ne sont pas d&#8217;accord avec moi sont invit\u00e9s \u00e0 me prouver le contraire et \u00e0 me redonner espoir car je suis \u00e0 bout.<\/p>\n<div class='watch-action'><div class='watch-position align-left'><div class='action-like'><a class='lbg-style1 like-897 jlk' href='javascript:void(0)' data-task='like' data-post_id='897' data-nonce='c0f8c24f5c' rel='nofollow'><img class='wti-pixel' src='http:\/\/vincenzosportelli.lu\/wp\/wp-content\/plugins\/wti-like-post\/images\/pixel.gif' title='Like' \/><span class='lc-897 lc'>0<\/span><\/a><\/div><div class='action-unlike'><a class='unlbg-style1 unlike-897 jlk' href='javascript:void(0)' data-task='unlike' data-post_id='897' data-nonce='c0f8c24f5c' rel='nofollow'><img class='wti-pixel' src='http:\/\/vincenzosportelli.lu\/wp\/wp-content\/plugins\/wti-like-post\/images\/pixel.gif' title='Unlike' \/><span class='unlc-897 unlc'>-1<\/span><\/a><\/div> <\/div> <div class='status-897 status align-left'><\/div><\/div><div class='wti-clear'><\/div>","protected":false},"excerpt":{"rendered":"<p>Le monde arabe va mal mais \u00e7a date pas d&#8217;aujourd&#8217;hui et je pense que le pire n&#8217;est pas encore venu. Commen\u00e7ons par la trag\u00e9die palestinienne, celle o\u00f9 tous les Arabes sont d&#8217;accord que c&#8217;est une catastrophe. On constate qu&#8217;en Europe &hellip; <a href=\"http:\/\/vincenzosportelli.lu\/wp\/?p=897\">Continue reading <span class=\"meta-nav\">&rarr;<\/span><\/a><\/p>\n","protected":false},"author":1,"featured_media":0,"comment_status":"open","ping_status":"open","sticky":false,"template":"","format":"standard","meta":{"footnotes":""},"categories":[1],"tags":[],"class_list":["post-897","post","type-post","status-publish","format-standard","hentry","category-uncategorized"],"_links":{"self":[{"href":"http:\/\/vincenzosportelli.lu\/wp\/index.php?rest_route=\/wp\/v2\/posts\/897","targetHints":{"allow":["GET"]}}],"collection":[{"href":"http:\/\/vincenzosportelli.lu\/wp\/index.php?rest_route=\/wp\/v2\/posts"}],"about":[{"href":"http:\/\/vincenzosportelli.lu\/wp\/index.php?rest_route=\/wp\/v2\/types\/post"}],"author":[{"embeddable":true,"href":"http:\/\/vincenzosportelli.lu\/wp\/index.php?rest_route=\/wp\/v2\/users\/1"}],"replies":[{"embeddable":true,"href":"http:\/\/vincenzosportelli.lu\/wp\/index.php?rest_route=%2Fwp%2Fv2%2Fcomments&post=897"}],"version-history":[{"count":52,"href":"http:\/\/vincenzosportelli.lu\/wp\/index.php?rest_route=\/wp\/v2\/posts\/897\/revisions"}],"predecessor-version":[{"id":1563,"href":"http:\/\/vincenzosportelli.lu\/wp\/index.php?rest_route=\/wp\/v2\/posts\/897\/revisions\/1563"}],"wp:attachment":[{"href":"http:\/\/vincenzosportelli.lu\/wp\/index.php?rest_route=%2Fwp%2Fv2%2Fmedia&parent=897"}],"wp:term":[{"taxonomy":"category","embeddable":true,"href":"http:\/\/vincenzosportelli.lu\/wp\/index.php?rest_route=%2Fwp%2Fv2%2Fcategories&post=897"},{"taxonomy":"post_tag","embeddable":true,"href":"http:\/\/vincenzosportelli.lu\/wp\/index.php?rest_route=%2Fwp%2Fv2%2Ftags&post=897"}],"curies":[{"name":"wp","href":"https:\/\/api.w.org\/{rel}","templated":true}]}}