{"id":5700,"date":"2024-06-10T09:08:38","date_gmt":"2024-06-10T08:08:38","guid":{"rendered":"https:\/\/vincenzosportelli.lu\/wp\/?p=5700"},"modified":"2024-06-10T17:28:42","modified_gmt":"2024-06-10T16:28:42","slug":"rechtsruck","status":"publish","type":"post","link":"http:\/\/vincenzosportelli.lu\/wp\/?p=5700","title":{"rendered":"Rechtsruck"},"content":{"rendered":"<p>Vielen \u00fcberascht es, dass vor allem in Ostdeutschland die Afd so stark ist. Ostdeutschland war doch vor Jahren noch kommunistisch, wie kann es dann so nach rechts kippen ? Die Antwort ist einfach: alle die sich Fragen stellten und ein bisschen \u00fcberlegten sind ausgewandert. Die Kommunisten liebten keine Menschen die sich Fragen stellten, die Leute die sich damit arrangierten, also lieber nicht nachdachten und widerstandslos das System akzeptierten, haben sich nach dem Mauerfall auch am besten an den Kapitalismus angepasst. Bei so viel Dummheit ist es normal, dass die Afd vor allem in Ostdeutschland punktet, es ist nichts anderes als Audruck der Dummheit, so einfach ist es ! Denn im Kommunismus war es gut angesehen dumm zu sein, all die anderen sind ausgewandert.<\/p>\n<p>Rechtsruck auch in Italien, \u00d6sterreich und Frankreich. Auch hier gibt es eine einfache Erkl\u00e4rung: die Leute haben vergessen wie gut es ihnen geht. Der letzte grosse Krieg und die letzte gr\u00f6ssere Wirtschaftskrise sind schon lange her. Dasselbe gilt auch f\u00fcr die Portugiesen in Luxemburg die rechtsextrem gew\u00e4hlt haben: sie haben einfach vergessen wie es in einer Diktatur ist. Auch hier ein Ausdruck der Dummheit, die vor allem von den Massenmedien bedient wird, In Italien sind die Privatfernsehkan\u00e4len fast alle in einer Hand, in Frankreich sind die Privaten in Hand von Grossunternehmen. Wie im Kommunismus lieben diese Leute die nicht \u00fcberlegen und sich keine Fragen stellen. Dumm ist geil ! Und so w\u00e4hlt man rechtsextrem. Leute die zuviel privates Fernseh schauen werden dumm. In Deutschland lesen Afd-W\u00e4hler am liebsten die Bild-Zeitung. Dumm w\u00e4hlt rechtsextrem !<\/p>\n<p>Ein anderer Aspekt ist das Gef\u00fchl von Chaos. Die Menschheit hat Angst vor zuviel Freiheit, zuviel Liberalismus, also wendet sie sich an rechtsextreme Parteien die Ordnung und Moralit\u00e4t versprechen. Daneben verneinen rechtsextreme Parteien den Klimawandel, Priorit\u00e4t hat die Wirtschaft.<\/p>\n<div class='watch-action'><div class='watch-position align-left'><div class='action-like'><a class='lbg-style1 like-5700 jlk' href='javascript:void(0)' data-task='like' data-post_id='5700' data-nonce='c0f8c24f5c' rel='nofollow'><img class='wti-pixel' src='http:\/\/vincenzosportelli.lu\/wp\/wp-content\/plugins\/wti-like-post\/images\/pixel.gif' title='Like' \/><span class='lc-5700 lc'>0<\/span><\/a><\/div><div class='action-unlike'><a class='unlbg-style1 unlike-5700 jlk' href='javascript:void(0)' data-task='unlike' data-post_id='5700' data-nonce='c0f8c24f5c' rel='nofollow'><img class='wti-pixel' src='http:\/\/vincenzosportelli.lu\/wp\/wp-content\/plugins\/wti-like-post\/images\/pixel.gif' title='Unlike' \/><span class='unlc-5700 unlc'>0<\/span><\/a><\/div> <\/div> <div class='status-5700 status align-left'><\/div><\/div><div class='wti-clear'><\/div>","protected":false},"excerpt":{"rendered":"<p>Vielen \u00fcberascht es, dass vor allem in Ostdeutschland die Afd so stark ist. Ostdeutschland war doch vor Jahren noch kommunistisch, wie kann es dann so nach rechts kippen ? Die Antwort ist einfach: alle die sich Fragen stellten und ein &hellip; <a href=\"http:\/\/vincenzosportelli.lu\/wp\/?p=5700\">Continue reading <span class=\"meta-nav\">&rarr;<\/span><\/a><\/p>\n","protected":false},"author":1,"featured_media":0,"comment_status":"open","ping_status":"open","sticky":false,"template":"","format":"standard","meta":{"footnotes":""},"categories":[1],"tags":[],"class_list":["post-5700","post","type-post","status-publish","format-standard","hentry","category-uncategorized"],"_links":{"self":[{"href":"http:\/\/vincenzosportelli.lu\/wp\/index.php?rest_route=\/wp\/v2\/posts\/5700","targetHints":{"allow":["GET"]}}],"collection":[{"href":"http:\/\/vincenzosportelli.lu\/wp\/index.php?rest_route=\/wp\/v2\/posts"}],"about":[{"href":"http:\/\/vincenzosportelli.lu\/wp\/index.php?rest_route=\/wp\/v2\/types\/post"}],"author":[{"embeddable":true,"href":"http:\/\/vincenzosportelli.lu\/wp\/index.php?rest_route=\/wp\/v2\/users\/1"}],"replies":[{"embeddable":true,"href":"http:\/\/vincenzosportelli.lu\/wp\/index.php?rest_route=%2Fwp%2Fv2%2Fcomments&post=5700"}],"version-history":[{"count":7,"href":"http:\/\/vincenzosportelli.lu\/wp\/index.php?rest_route=\/wp\/v2\/posts\/5700\/revisions"}],"predecessor-version":[{"id":5709,"href":"http:\/\/vincenzosportelli.lu\/wp\/index.php?rest_route=\/wp\/v2\/posts\/5700\/revisions\/5709"}],"wp:attachment":[{"href":"http:\/\/vincenzosportelli.lu\/wp\/index.php?rest_route=%2Fwp%2Fv2%2Fmedia&parent=5700"}],"wp:term":[{"taxonomy":"category","embeddable":true,"href":"http:\/\/vincenzosportelli.lu\/wp\/index.php?rest_route=%2Fwp%2Fv2%2Fcategories&post=5700"},{"taxonomy":"post_tag","embeddable":true,"href":"http:\/\/vincenzosportelli.lu\/wp\/index.php?rest_route=%2Fwp%2Fv2%2Ftags&post=5700"}],"curies":[{"name":"wp","href":"https:\/\/api.w.org\/{rel}","templated":true}]}}