{"id":4827,"date":"2021-02-20T19:50:14","date_gmt":"2021-02-20T18:50:14","guid":{"rendered":"http:\/\/vincenzosportelli.lu\/wp\/?p=4827"},"modified":"2021-02-20T19:50:14","modified_gmt":"2021-02-20T18:50:14","slug":"messe_f","status":"publish","type":"post","link":"http:\/\/vincenzosportelli.lu\/wp\/?p=4827","title":{"rendered":"Messe_F"},"content":{"rendered":"<p>&#8211; OUVERTURE DE LA C\u00c9L\u00c9BRATION &#8211;<br \/>\n(Debout &#8211; On r\u00e9cite l&#8217;antienne d&#8217;ouverture s&#8217;il n&#8217;y a pas de chant d&#8217;entr\u00e9e)<br \/>\nAu nom du P\u00e8re, du Fils et du Saint-Esprit.<br \/>\n\u27a1Amen.<br \/>\nLa gr\u00e2ce de J\u00e9sus notre Seigneur, l&#8217;amour de Dieu le P\u00e8re et la communion de l&#8217;Esprit-Saint soient toujours avec vous.<br \/>\n\u27a1Et avec votre esprit.<br \/>\n* PR\u00c9PARATION P\u00c9NITENTIELLE<br \/>\nPr\u00e9parons-nous \u00e0 la c\u00e9l\u00e9bration de l&#8217;Eucharistie en reconnaissant que nous somme p\u00e9cheurs.<br \/>\n(moment de silence pour un bref examen de conscience)<br \/>\n\u27a1Je confesse \u00e0 Dieu Tout-Puissant, je reconnais devant mes fr\u00e8res, que j&#8217;ai p\u00e9ch\u00e9, en parole, par action et par omission; oui, j&#8217;ai vraiment p\u00e9ch\u00e9. C&#8217;est pourquoi je supplie la Vierge Marie, les Anges et tous les Saints, et vous aussi mes fr\u00e8res, de prier pour moi le Seigneur notre Dieu.<br \/>\nQue Dieu Tout-Puissant nous fasse mis\u00e9ricorde; qu&#8217;il nous pardonne nos p\u00e9ch\u00e9s et nous conduise \u00e0 la vie \u00e9ternelle.<br \/>\n\u27a1Amen.<br \/>\n* ACCLAMATION AU CHRIST<br \/>\nSeigneur, prends piti\u00e9.<br \/>\n\u27a1Seigneur, prends piti\u00e9.<br \/>\nO Christ, prends piti\u00e9.<br \/>\n\u27a1O Christ, prends piti\u00e9.<br \/>\nSeigneur, prends piti\u00e9.<br \/>\n\u27a1Seigneur, prends piti\u00e9.<br \/>\n* GLORIA<br \/>\n\u27a1Gloire \u00e0 Dieu au plus haut des cieux et paix sur la terre aux hommes qu&#8217;il aime. Nous te louons, nous te b\u00e9nissons, nous t&#8217;adorons, nous te glorifions, nous te rendons gr\u00e2ce, pour ton immense gloire, Seigneur Dieu, Roi du ciel, Dieu le P\u00e8re tout-puissant, Seigneur Fils unique, J\u00e9sus-Christ, Seigneur Dieu, Agneau de Dieu, le Fils du P\u00e8re, toi qui enl\u00e8ves le p\u00e9ch\u00e9 du monde, prends piti\u00e9 de nous; toi qui enl\u00e8ves le p\u00e9ch\u00e9 du monde, re\u00e7ois notre pri\u00e8re; toi qui es assis \u00e0 la droite du P\u00e8re, prends piti\u00e9 de nous. Car toi seul es Saint, toi seul es Seigneur, toi seul es le Tr\u00e8s -Haut: J\u00e9sus-Christ, avec le Saint-Esprit dans la gloire de Dieu le P\u00e8re. Amen.<br \/>\n* ORAISON<br \/>\nPrions. O Dieu&#8230; et pour les si\u00e8cles des si\u00e8cles.<br \/>\n\u27a1Amen.<br \/>\n&#8211; LITURGIE DE LA PAROLE &#8211;<br \/>\n* PREMI\u00c8RE LECTURE (assis)<br \/>\nParole de Dieu.<br \/>\n\u27a1Rendons gr\u00e2ce \u00e0 Dieu.<br \/>\n* PSAUME (souvent le lecteur entonne le r\u00e9pons et la foule le r\u00e9p\u00e8te ainsi qu&#8217;apr\u00e8s chaque strophe)<br \/>\n* DEUXI\u00c8ME LECTURE<br \/>\nParole de Dieu.<br \/>\n\u27a1Rendons gr\u00e2ce \u00e0 Dieu.<br \/>\n* ACCLAMATION \u00c0 L&#8217;\u00c9VANGILE (debout)<br \/>\n\u27a1ALL\u00c9LUIA, ALL\u00c9LUIA! (au temps de Car\u00eame: GLOIRE ET LOUANGE \u00c0 TOI, SEIGNEUR J\u00c9SUS!)<br \/>\nle verset (r\u00e9cit\u00e9 ou chant\u00e9) est facultatif si l&#8217;acclamation est chant\u00e9e<br \/>\n\u27a1ALL\u00c9LUIA, ALL\u00c9LUIA!<br \/>\n* \u00c9VANGILE<br \/>\nLe Seigneur soit avec vous.<br \/>\n\u27a1Et avec votre esprit.<br \/>\n\u00c9vangile de J\u00e9sus-Christ selon&#8230;<br \/>\n\u27a1Gloire \u00e0 toi, Seigneur.<br \/>\nAcclamons la Parole de Dieu.<br \/>\n\u27a1Louange \u00e0 Toi, Seigneur J\u00e9sus.<br \/>\n* HOM\u00c9LIE<br \/>\n* CREDO ou Profession de foi &#8211; (souvent le Symbole des Ap\u00f4tres)<br \/>\n\u27a1Je crois en Dieu, le P\u00e8re tout-puissant, cr\u00e9ateur du ciel et de la terre. Et en J\u00e9sus-Christ, son Fils unique, notre Seigneur, qui a \u00e9t\u00e9 con\u00e7u du Saint-Esprit, est n\u00e9 de la Vierge Marie, a souffert sous Ponce Pilate, a \u00e9t\u00e9 crucifi\u00e9, est mort et a \u00e9t\u00e9 enseveli, est descendu aux enfers, le troisi\u00e8me jour est ressuscit\u00e9 des morts, est mont\u00e9 aux cieux, est assis \u00e0 la droite de Dieu le P\u00e8re tout-puissant d&#8217;o\u00f9 il viendra juger les vivants et les morts.<br \/>\nJe crois en l&#8217;Esprit Saint, \u00e0 la sainte Eglise catholique, \u00e0 la communion des saints, \u00e0 la r\u00e9mission des p\u00e9ch\u00e9s, \u00e0 la r\u00e9surrection de la chair, \u00e0 la vie \u00e9ternelle. Amen.<br \/>\n&#8211; PRIERE UNIVERSELLE<br \/>\n* PRI\u00c8RES D&#8217;INTERCESSION (debout)<br \/>\n&#8211; LITURGIE DE L&#8217;EUCHARISTIE &#8211;<br \/>\n* PR\u00c9PARATION DES DONS (assis)<br \/>\nTu es b\u00e9ni, Dieu de l&#8217;Univers, toi qui nous donnes ce pain, fruit de la terre et du travail des hommes. Nous te le pr\u00e9sentons, il deviendra le pain de la vie.<br \/>\n\u27a1B\u00e9ni soit Dieu, maintenant et toujours.<br \/>\nTu es b\u00e9ni, Dieu de l&#8217;Univers, toi qui nous donnes ce vin, fruit de la terre et du travail des hommes. Nous te le pr\u00e9sentons, il deviendra le vin du Royaume \u00e9ternel.<br \/>\n\u27a1B\u00e9ni soit Dieu, maintenant et toujours.<br \/>\nHumbles et pauvres, nous te supplions, Seigneur, accueille-nous; que notre sacrifice, en ce jour, trouve gr\u00e2ce devant toi. Laves-moi de mes fautes, Seigneur, purifie-moi de mon p\u00e9ch\u00e9.<br \/>\n* PRI\u00c8RE SUR LES OFFRANDES<br \/>\nPrions ensemble, au moment d&#8217;offrir le sacrifice de toute l&#8217;\u00c9glise.<br \/>\n\u27a1Pour la gloire de Dieu et le salut du monde.<br \/>\n* ORAISON<br \/>\n&#8230;par J\u00e9sus, le Christ, Notre-Sauveur.<br \/>\n\u27a1Amen.<br \/>\nPRI\u00c8RE EUCHARISTIQUE &#8211; III &#8211;<br \/>\nLe Seigneur soit avec vous.<br \/>\n\u27a1Et avec votre esprit.<br \/>\n\u00c9levons notre coeur.<br \/>\n\u27a1Nous le tournons vers le Seigneur.<br \/>\nRendons gr\u00e2ce au Seigneur notre Dieu.<br \/>\n\u27a1Cela est juste et bon.<br \/>\n* PR\u00c9FACE DES DIMANCHES DU TEMPS ORDINAIRE (choix de pr\u00e9face selon le temps liturgique)<br \/>\nVraiment il est juste et bon de te rende gloire, de t&#8217;offrir nos actions de gr\u00e2ce, toujours et en tous lieu, \u00e0 toi P\u00e8re tr\u00e8s saint, Dieu \u00e9ternel et tout-puissant, par le Christ, notre Seigneur. Dans le myst\u00e8re de sa P\u00e2que, il a fait une oeuvre merveilleuse: car nous \u00e9tions esclaves de la mort et du p\u00e9ch\u00e9, et nous sommes appel\u00e9s \u00e0 partager sa gloire; nous portons d\u00e9sormais ces noms glorieux: nation sainte, peuple rachet\u00e9, race choisie, sacerdoce royal; nous pouvons annoncer au monde les merveilles que tu as accomplies, toi qui nous fais passer des t\u00e9n\u00e8bres \u00e0 ton admirable lumi\u00e8re. C&#8217;est pourquoi, avec les anges et tous les saints, nous proclamons ta gloire, en chantant (disant) d&#8217;une seule voix:<\/p>\n<p>\u27a1Saint, Saint, Saint, le Seigneur, Dieu de l&#8217;Univers. Le Ciel et la terre sont remplis de ta gloire. Hosanna au plus haut des Cieux. B\u00e9ni soit celui qui vient au nom du Seigneur. Hosanna au plus haut des Cieux.<br \/>\nTu es vraiment saint, Dieu de l&#8217;univers, et toute la cr\u00e9ation proclame ta louange, car c&#8217;est toi qui donne la vie, c&#8217;est toi qui sanctifies toutes choses, par ton Fils, J\u00e9sus-Christ, notre Seigneur, avec la puissance de l&#8217;Esprit-Saint ; et tu ne cesses de rassembler ton peuple, afin qu&#8217;il te pr\u00e9sente partout dans le monde une offrande pure. C&#8217;est pourquoi nous te supplions de consacrer toi-m\u00eame les offrandes que nous apportons. Sanctifie-les par ton Esprit pour qu&#8217;elles deviennent le corps et le sang de ton Fils, J\u00e9sus-Christ, notre Seigneur, qui nous a dit de c\u00e9l\u00e9brer ce myst\u00e8re. (\u00e0 genoux)<br \/>\nLa nuit m\u00eame o\u00f9 il fut livr\u00e9, il prit le pain, en te rendant gr\u00e2ce il le b\u00e9nit, il le rompit et le donna \u00e0 ses disciples, en disant:<br \/>\n\u00abPrenez, et mangez-en tous, ceci est mon corps livr\u00e9 pour vous.\u00bb<br \/>\nDe m\u00eame \u00e0 la fin du repas, il prit la coupe, en te rendant gr\u00e2ce il la b\u00e9nit, et la donna \u00e0 ses disciples, en disant:<br \/>\n\u00abPrenez, et buvez-en tous, car ceci est la coupe de mon sang, le sang de l&#8217;Alliance nouvelle et \u00e9ternelle, qui sera vers\u00e9 pour vous et pour la multitude en r\u00e9mission des p\u00e9ch\u00e9s. Vous ferez cela, en m\u00e9moire de moi.\u00bb<br \/>\nIl est grand le myst\u00e8re de la foi. (debout &#8211; deux autres acclamations sont disponibles)<br \/>\n\u27a1Nous proclamons ta mort, Seigneur J\u00e9sus, nous c\u00e9l\u00e9brons ta r\u00e9surrection, nous attendons ta venue dans la gloire.<br \/>\nEn faisant m\u00e9moire de ton Fils, de sa passion qui nous sauve, de sa glorieuse r\u00e9surrection et de son ascension dans le ciel, alors que nous attendons son dernier av\u00e8nement, nous pr\u00e9sentons cette offrande vivante et sainte pour te rendre gr\u00e2ce.<br \/>\nRegarde, Seigneur, le sacrifice de ton \u00c9glise, et daigne y reconna\u00eetre celui de ton Fils qui nous a r\u00e9tablis dans ton Alliance; quand nous serons nourris de son corps et de son sang et remplis de l&#8217;Esprit-Saint, accorde-nous d&#8217;\u00eatre un seul corps et un seul esprit dans le Christ.<br \/>\nQue l&#8217;Esprit-Saint fasse de nous une \u00e9ternelle offrande \u00e0 ta gloire, pour que nous obtenions un jour les biens du monde \u00e0 venir, aupr\u00e8s de la Vierge Marie, la bienheureuse M\u00e8re de Dieu, Joseph son tr\u00e8s chaste \u00e9poux (formule permise au Canada), avec les Ap\u00f4tres, les martyrs, saint N. et tous les saints, que ne cessent d&#8217;interc\u00e9der pour nous.<br \/>\nEt maintenant, nous te supplions, Seigneur, par le sacrifice qui nous r\u00e9concilie avec toi, \u00e9tends au monde entier le salut et la paix. Affermis la foi et la charit\u00e9 de ton \u00c9glise au long de son chemin sur la terre: veille sur ton serviteur le Pape N., et notre \u00e9v\u00eaque N., l&#8217;ensemble des \u00e9v\u00eaques, les pr\u00eatres, les diacres, et tout le peuple des rachet\u00e9s.<br \/>\n\u00c9coute les pri\u00e8res de ta famille assembl\u00e9e devant toi, et ram\u00e8ne \u00e0 toi, P\u00e8re tr\u00e8s aimant, tous tes enfants dispers\u00e9s. Pour nos fr\u00e8res d\u00e9funts, pour les hommes qui ont quitt\u00e9 ce monde et dont tu connais la droiture, nous te prions: re\u00e7ois-les dans ton Royaume, o\u00f9 nous esp\u00e9rons \u00eatre combl\u00e9s de ta gloire tous ensemble et pour l&#8217;\u00e9ternit\u00e9, par le Christ, Notre-Seigneur, par qui tu donnes au monde toute gr\u00e2ce et tout bien.<br \/>\nPar Lui, avec Lui et en Lui, Dieu le P\u00e8re Tout-Puissant, dans l&#8217;unit\u00e9 du Saint-Esprit, tout honneur et toute gloire, pour les si\u00e8cles des si\u00e8cles. Amen.<br \/>\n&#8211; LITURGIE DE LA COMMUNION &#8211;<br \/>\n* LA PRI\u00c8RE DU SEIGNEUR (debout &#8211; seuls les pr\u00eatres \u00e9tendent les bras)<br \/>\nComme nous l&#8217;avons appris du Sauveur, et selon son commandement, nous osons dire:<br \/>\n\u27a1Notre P\u00e8re qui es au cieux, que ton nom soit sanctifi\u00e9; que ton r\u00e8gne vienne; que ta volont\u00e9 soit faite sur la terre comme au ciel. Donne-nous aujourd&#8217;hui notre pain de ce jour; pardonne-nous nos offenses comme nous pardonnons aussi \u00e0 ceux qui nous ont offens\u00e9s; et ne nous laisses pas entrer en tentation; mais d\u00e9livres-nous du mal.<br \/>\nD\u00e9livres nous de tout mal, Seigneur, et donnes la paix \u00e0 notre temps; par la mis\u00e9ricorde, lib\u00e8re-nous du p\u00e9ch\u00e9, rassure-nous devant les \u00e9preuves en cette vie o\u00f9 nous esp\u00e9rons le bonheur que tu promets et l&#8217;av\u00e8nement de J\u00e9sus-Christ notre Sauveur.<br \/>\n\u27a1Car c&#8217;est \u00e0 toi qu&#8217;appartiennent le r\u00e8gne, la puissance et la gloire, pour les si\u00e8cles des si\u00e8cles.<br \/>\n* LE SIGNE DE PAIX<br \/>\nSeigneur J\u00e9sus-Christ, tu as dit \u00e0 tes ap\u00f4tres: \u00abJe vous laisse la paix, je vous donne la paix\u00bb, ne regarde pas nos p\u00e9ch\u00e9s, mais la foi de ton \u00c9glise; pour que ta volont\u00e9 s&#8217;accomplisse, donne-lui toujours cette paix et conduis-la vers l&#8217;unit\u00e9 parfaite, toi qui r\u00e8gne pour les si\u00e8cles des si\u00e8cles.<br \/>\n\u27a1Amen.<br \/>\nQue la paix du Seigneur soit toujours avec vous.<br \/>\n\u27a1Et avec votre esprit.<br \/>\n* FRACTION DU PAIN<br \/>\nQue le corps et le sang de J\u00e9sus Christ, r\u00e9unis dans cette coupe, nourrissent en nous la vie \u00e9ternelle.<br \/>\n\u27a1Agneau de Dieu, qui enl\u00e8ve le p\u00e9ch\u00e9 du monde, prends piti\u00e9 de nous.<br \/>\nAgneau de Dieu, qui enl\u00e8ve le p\u00e9ch\u00e9 du monde, prends piti\u00e9 de nous.<br \/>\nAgneau de Dieu, qui enl\u00e8ve le p\u00e9ch\u00e9 du monde, donne-nous la paix.<br \/>\n* COMMUNION<br \/>\nSeigneur J\u00e9sus Christ, Fils du Dieu vivant, selon la volont\u00e9 du P\u00e8re et avec la puissance du Saint Esprit, tu as donn\u00e9, par ta mort, la vie au monde; que ton corps et ton sang me d\u00e9livrent de mes p\u00e9ch\u00e9s et de tout mal; fais que je demeure fid\u00e8le \u00e0 tes commandements et que jamais je ne sois s\u00e9par\u00e9 de toi.<br \/>\nHeureux les invit\u00e9s au repas du Seigneur. Voici l&#8217;Agneau de Dieu qui enl\u00e8ve le p\u00e9ch\u00e9 du monde.<br \/>\n\u27a1Seigneur, je ne suis pas digne de te recevoir, mais dis seulement une parole et je serai gu\u00e9ri.<br \/>\n* PRI\u00c8RE APR\u00c8S LA COMMUNION (debout)<br \/>\nPrions le Seigneur&#8230; Par J\u00e9sus le Christ notre Seigneur.<br \/>\n\u27a1Amen.<br \/>\n&#8211; CONCLUSION &#8211;<br \/>\nLe Seigneur soit avec vous.<br \/>\n\u27a1Et avec votre esprit.<br \/>\nQue Dieu tout-puissant vous b\u00e9nisse, le P\u00e8re, le Fils et le Saint-Esprit.<br \/>\n\u27a1Amen.<br \/>\nAllez dans la paix du Christ.<br \/>\n\u27a1Nous rendons gr\u00e2ce \u00e0 Dieu.<\/p>\n<div class='watch-action'><div class='watch-position align-left'><div class='action-like'><a class='lbg-style1 like-4827 jlk' href='javascript:void(0)' data-task='like' data-post_id='4827' data-nonce='0d44e0e1a0' rel='nofollow'><img class='wti-pixel' src='http:\/\/vincenzosportelli.lu\/wp\/wp-content\/plugins\/wti-like-post\/images\/pixel.gif' title='Like' \/><span class='lc-4827 lc'>0<\/span><\/a><\/div><div class='action-unlike'><a class='unlbg-style1 unlike-4827 jlk' href='javascript:void(0)' data-task='unlike' data-post_id='4827' data-nonce='0d44e0e1a0' rel='nofollow'><img class='wti-pixel' src='http:\/\/vincenzosportelli.lu\/wp\/wp-content\/plugins\/wti-like-post\/images\/pixel.gif' title='Unlike' \/><span class='unlc-4827 unlc'>0<\/span><\/a><\/div> <\/div> <div class='status-4827 status align-left'><\/div><\/div><div class='wti-clear'><\/div>","protected":false},"excerpt":{"rendered":"<p>&#8211; OUVERTURE DE LA C\u00c9L\u00c9BRATION &#8211; (Debout &#8211; On r\u00e9cite l&#8217;antienne d&#8217;ouverture s&#8217;il n&#8217;y a pas de chant d&#8217;entr\u00e9e) Au nom du P\u00e8re, du Fils et du Saint-Esprit. \u27a1Amen. La gr\u00e2ce de J\u00e9sus notre Seigneur, l&#8217;amour de Dieu le P\u00e8re &hellip; <a href=\"http:\/\/vincenzosportelli.lu\/wp\/?p=4827\">Continue reading <span class=\"meta-nav\">&rarr;<\/span><\/a><\/p>\n","protected":false},"author":1,"featured_media":0,"comment_status":"open","ping_status":"open","sticky":false,"template":"","format":"standard","meta":{"footnotes":""},"categories":[1],"tags":[],"class_list":["post-4827","post","type-post","status-publish","format-standard","hentry","category-uncategorized"],"_links":{"self":[{"href":"http:\/\/vincenzosportelli.lu\/wp\/index.php?rest_route=\/wp\/v2\/posts\/4827","targetHints":{"allow":["GET"]}}],"collection":[{"href":"http:\/\/vincenzosportelli.lu\/wp\/index.php?rest_route=\/wp\/v2\/posts"}],"about":[{"href":"http:\/\/vincenzosportelli.lu\/wp\/index.php?rest_route=\/wp\/v2\/types\/post"}],"author":[{"embeddable":true,"href":"http:\/\/vincenzosportelli.lu\/wp\/index.php?rest_route=\/wp\/v2\/users\/1"}],"replies":[{"embeddable":true,"href":"http:\/\/vincenzosportelli.lu\/wp\/index.php?rest_route=%2Fwp%2Fv2%2Fcomments&post=4827"}],"version-history":[{"count":1,"href":"http:\/\/vincenzosportelli.lu\/wp\/index.php?rest_route=\/wp\/v2\/posts\/4827\/revisions"}],"predecessor-version":[{"id":4828,"href":"http:\/\/vincenzosportelli.lu\/wp\/index.php?rest_route=\/wp\/v2\/posts\/4827\/revisions\/4828"}],"wp:attachment":[{"href":"http:\/\/vincenzosportelli.lu\/wp\/index.php?rest_route=%2Fwp%2Fv2%2Fmedia&parent=4827"}],"wp:term":[{"taxonomy":"category","embeddable":true,"href":"http:\/\/vincenzosportelli.lu\/wp\/index.php?rest_route=%2Fwp%2Fv2%2Fcategories&post=4827"},{"taxonomy":"post_tag","embeddable":true,"href":"http:\/\/vincenzosportelli.lu\/wp\/index.php?rest_route=%2Fwp%2Fv2%2Ftags&post=4827"}],"curies":[{"name":"wp","href":"https:\/\/api.w.org\/{rel}","templated":true}]}}