{"id":481,"date":"2015-03-25T19:34:15","date_gmt":"2015-03-25T18:34:15","guid":{"rendered":"http:\/\/vincenzosportelli.lu\/wp\/?p=481"},"modified":"2025-11-11T20:01:42","modified_gmt":"2025-11-11T19:01:42","slug":"jours-feries","status":"publish","type":"post","link":"http:\/\/vincenzosportelli.lu\/wp\/?p=481","title":{"rendered":"F\u00eates en 2026"},"content":{"rendered":"<p>Pour rappel honorer les f\u00eates est un des <a href=\"http:\/\/vincenzosportelli.lu\/wp\/?p=504\">10 commandements<\/a>.<\/p>\n<ul>\n<li>(f): F\u00eate fixe<\/li>\n<li>(obl): f\u00eate (et participation messe et repos) obligatoire selon Eglise (outre les dimanches)<\/li>\n<\/ul>\n<table width=\"262\">\n<tbody>\n<tr>\n<td width=\"92\"><strong>1 janvier<\/strong><\/td>\n<td width=\"170\"><strong>jour de l&#8217;an\/<a href=\"http:\/\/vincenzosportelli.lu\/wp\/?p=481#F\u00eate1\">Ste Marie<\/a> (f) <em>(obl)<\/em><\/strong><\/td>\n<\/tr>\n<tr>\n<td><strong>6 janvier<\/strong><\/td>\n<td><strong><a href=\"http:\/\/vincenzosportelli.lu\/wp\/?p=481#F\u00eate2\">\u00c9piphanie<\/a> du Seigneur (f)\u00a0<em>(obl)<\/em><\/strong><\/td>\n<\/tr>\n<tr>\n<td>2 f\u00e9vrier<\/td>\n<td><a href=\"http:\/\/vincenzosportelli.lu\/wp\/?p=481#F\u00eate3\">Chandeleur<\/a> (f)<\/td>\n<\/tr>\n<tr>\n<td>17 f\u00e9vrier<\/td>\n<td><a href=\"http:\/\/vincenzosportelli.lu\/wp\/?p=481#F\u00eate4\">Mardi gras<\/a><\/td>\n<\/tr>\n<tr>\n<td>18 f\u00e9vrier<\/td>\n<td><a href=\"http:\/\/vincenzosportelli.lu\/wp\/?p=481#F\u00eate5\">Mercredi des cendres<\/a><\/td>\n<\/tr>\n<tr>\n<td><strong>19 mars<\/strong><\/td>\n<td><strong><a href=\"http:\/\/vincenzosportelli.lu\/wp\/?p=481#F\u00eate6\">Saint Joseph<\/a> (f) <em>(obl)<\/em><\/strong><\/td>\n<\/tr>\n<tr>\n<td>25 mars<\/td>\n<td><a href=\"http:\/\/vincenzosportelli.lu\/wp\/?p=481#F\u00eate8\">Annonciation<\/a> (f)<\/td>\n<\/tr>\n<tr>\n<td><strong>29 mars<\/strong><\/td>\n<td><strong><a href=\"http:\/\/vincenzosportelli.lu\/wp\/?p=481#F\u00eate9\">Dimanche des rameaux<\/a><\/strong><\/td>\n<\/tr>\n<tr>\n<td>2 avril<\/td>\n<td><a href=\"http:\/\/vincenzosportelli.lu\/wp\/?p=481#F\u00eate10\">Jeudi saint<\/a><\/td>\n<\/tr>\n<tr>\n<td>3 avril<\/td>\n<td><a href=\"http:\/\/vincenzosportelli.lu\/wp\/?p=481#F\u00eate11\">Vendredi saint<\/a><\/td>\n<\/tr>\n<tr>\n<td><strong>5 avril<\/strong><\/td>\n<td><strong><a href=\"http:\/\/vincenzosportelli.lu\/wp\/?p=481#F\u00eate12\">P\u00e2ques<\/a><\/strong><\/td>\n<\/tr>\n<tr>\n<td>6 avril<\/td>\n<td>Lundi de p\u00e2ques<\/td>\n<\/tr>\n<tr>\n<td>12 avril<\/td>\n<td><a href=\"http:\/\/vincenzosportelli.lu\/wp\/?p=481#F\u00eate13\">F\u00eate de la div. mis\u00e9ricorde<\/a><\/td>\n<\/tr>\n<tr>\n<td>26 avril<\/td>\n<td><a href=\"http:\/\/vincenzosportelli.lu\/wp\/?p=481#F\u00eate14\">Octave<\/a><\/td>\n<\/tr>\n<tr>\n<td>10 mai<\/td>\n<td>Octave-procession finale<\/td>\n<\/tr>\n<tr>\n<td>11 mai<\/td>\n<td>1er jour de <a href=\"http:\/\/vincenzosportelli.lu\/wp\/?p=481#F\u00eate15\">Rogation<\/a><\/td>\n<\/tr>\n<tr>\n<td>12 mai<\/td>\n<td>2e jour de rogation<\/td>\n<\/tr>\n<tr>\n<td>13 mai<\/td>\n<td>3e jour de rogation<\/td>\n<\/tr>\n<tr>\n<td><b>14 mai<\/b><\/td>\n<td><strong><a href=\"http:\/\/vincenzosportelli.lu\/wp\/?p=481#F\u00eate16\">Ascension<\/a>\u00a0<em>(obl)<\/em><\/strong><\/td>\n<\/tr>\n<tr>\n<td><strong>24 mai<\/strong><\/td>\n<td><strong><a href=\"http:\/\/vincenzosportelli.lu\/wp\/?p=481#F\u00eate17\">Pentec\u00f4te<\/a><\/strong><\/td>\n<\/tr>\n<tr>\n<td>25 mai<\/td>\n<td>Lundi de pentec\u00f4te<\/td>\n<\/tr>\n<tr>\n<td>31 mai<\/td>\n<td><a href=\"http:\/\/vincenzosportelli.lu\/wp\/?p=481#F\u00eate18\">Trinit\u00e9<\/a><\/td>\n<\/tr>\n<tr>\n<td><strong>4 juin<\/strong><\/td>\n<td><strong><a href=\"http:\/\/vincenzosportelli.lu\/wp\/?p=481#F\u00eate19\">F\u00eate-Dieu<\/a>\u00a0<em>(obl)<\/em><\/strong><\/td>\n<\/tr>\n<tr>\n<td>24 juin<\/td>\n<td><a href=\"http:\/\/vincenzosportelli.lu\/wp\/?p=481#F\u00eate21\">St Jean-Baptiste<\/a> (f)<\/td>\n<\/tr>\n<tr>\n<td>12 juin<\/td>\n<td><a href=\"http:\/\/vincenzosportelli.lu\/wp\/?p=481#F\u00eate20\">Sacr\u00e9-C\u0153ur<\/a><\/td>\n<\/tr>\n<tr>\n<td><strong>29 juin<\/strong><\/td>\n<td><strong><a href=\"http:\/\/vincenzosportelli.lu\/wp\/?p=481#F\u00eate22\">Sts Pierre et Paul<\/a> (f) <em>(obl)<\/em><\/strong><\/td>\n<\/tr>\n<tr>\n<td>6 ao\u00fbt<\/td>\n<td><a href=\"http:\/\/vincenzosportelli.lu\/wp\/?p=481#F\u00eate23\">Transfiguration<\/a> (f)<\/td>\n<\/tr>\n<tr>\n<td><strong>15 ao\u00fbt<\/strong><\/td>\n<td><strong><a href=\"http:\/\/vincenzosportelli.lu\/wp\/?p=481#F\u00eate24\">Assomption<\/a> (f) (<em>obl)<\/em><\/strong><\/td>\n<\/tr>\n<tr>\n<td>8 septembre<\/td>\n<td><a href=\"http:\/\/vincenzosportelli.lu\/wp\/?p=481#F\u00eate25\">Nativit\u00e9 de N.-D.<\/a> (f)<\/td>\n<\/tr>\n<tr>\n<td><strong>1er novembre<\/strong><\/td>\n<td><strong><a href=\"http:\/\/vincenzosportelli.lu\/wp\/?p=481#F\u00eate26\">Toussaint<\/a> (f) <em>(obl)<\/em><\/strong><\/td>\n<\/tr>\n<tr>\n<td>2 novembre<\/td>\n<td><a href=\"http:\/\/vincenzosportelli.lu\/wp\/?p=481#F\u00eate27\">D\u00e9funts<\/a> (f)<\/td>\n<\/tr>\n<tr>\n<td>22 novembre<\/td>\n<td><a href=\"http:\/\/vincenzosportelli.lu\/wp\/?p=481#F\u00eate28\">Christ-Roi<\/a><\/td>\n<\/tr>\n<tr>\n<td><strong>29 novembre<\/strong><\/td>\n<td>Premier dimanche de l&#8217;<strong><a href=\"http:\/\/vincenzosportelli.lu\/wp\/?p=481#F\u00eate29\">avent<\/a><\/strong><\/td>\n<\/tr>\n<tr>\n<td>6\u00a0d\u00e9cembre<\/td>\n<td>Saint-Nicolas (f)<\/td>\n<\/tr>\n<tr>\n<td><strong>8 d\u00e9cembre<\/strong><\/td>\n<td><strong><a href=\"http:\/\/vincenzosportelli.lu\/wp\/?p=481#F\u00eate30\">Immacul\u00e9e Conception<\/a> (f) <em>(obl)<\/em><\/strong><\/td>\n<\/tr>\n<tr>\n<td><strong>25 d\u00e9cembre<\/strong><\/td>\n<td><strong><a href=\"http:\/\/vincenzosportelli.lu\/wp\/?p=481#F\u00eate31\">No\u00ebl<\/a> (f) <em>(obl)<\/em><\/strong><\/td>\n<\/tr>\n<tr>\n<td>26 d\u00e9cembre<\/td>\n<td>Saint-\u00c9tienne (f)<\/td>\n<\/tr>\n<\/tbody>\n<\/table>\n<p><a id=\"F\u00eate1\"><\/a>Marie M\u00e8re de Dieu, Maria Santissima Madre di Dieu, Muttergottes: c\u00e9l\u00e9br\u00e9e le 1er janvier<\/p>\n<p><a id=\"F\u00eate2\"><\/a>\u00c9piphanie, Epifania, Erscheinung des Herrn: c\u00e9l\u00e9br\u00e9e le 6 janvier ou le dimanche avant. C&#8217;est une f\u00eate chr\u00e9tienne qui c\u00e9l\u00e8bre le Messie venu et incarn\u00e9 dans le monde et recevant la visite et l&#8217;hommage des Rois Mages.<\/p>\n<p><a id=\"F\u00eate3\"><\/a>Chandeleur, Presentazione di Cristo al Tempio, Darstellung des Herrn: c\u00e9l\u00e9br\u00e9e le 2 f\u00e9vrier.<\/p>\n<p><a id=\"F\u00eate4\"><\/a>Mardi gras, Marted\u00ec Grasso: c\u00e9l\u00e9br\u00e9e 47 jours avant P\u00e2ques.<\/p>\n<p><a id=\"F\u00eate5\"><\/a>Mercredi des Cendres, Mercoled\u00ec delle Cenere, Aschermittwoch: c\u00e9l\u00e9br\u00e9e 46 jours avant P\u00e2ques, d\u00e9but du Car\u00eame<\/p>\n<p><a id=\"F\u00eate6\"><\/a>Saint Joseph, San Giuseppe, Hl Josef:\u00a0 c\u00e9l\u00e9br\u00e9e le 19 mars.<\/p>\n<p><a id=\"F\u00eate8\"><\/a>Annonciation, Annunciazione, Verk\u00fcndigung: c\u00e9l\u00e9br\u00e9e le 25 mars. Un des myst\u00e8res joyeux.<\/p>\n<p><a id=\"F\u00eate9\"><\/a>Dimanche des Rameaux, Domenica delle Palme, Palmsonntag: c\u00e9l\u00e9br\u00e9e le dimanche avant P\u00e2ques et marque le d\u00e9but de la semaine sainte.<\/p>\n<p><a id=\"F\u00eate10\"><\/a>Jeudi Saint, Gioved\u00ec Santo, Gr\u00fcndonnerstag: c\u00e9l\u00e9br\u00e9e le jeudi avant P\u00e2ques. Nous rappelle la derni\u00e8re c\u00e8ne.<\/p>\n<p><a id=\"F\u00eate11\"><\/a>Vendredi Saint, Venerd\u00ec Santo, Karfreitag: c\u00e9l\u00e9br\u00e9e le vendredi avant P\u00e2ques. Il marque le jour de la crucifiction et mort de J\u00e9sus Christ.<\/p>\n<p><a id=\"F\u00eate12\"><\/a>P\u00e2ques, Pasqua, Ostern: c\u00e9l\u00e9br\u00e9e un dimanche, plus importante f\u00eate chr\u00e9tienne, elle comm\u00e9more la r\u00e9surrection de J\u00e9sus.<\/p>\n<p><a id=\"F\u00eate13\"><\/a>Dimanche de la Divine Mis\u00e9ricorde, Domenica in Albis, Sonntag der Hl Barmherzigkeit: c\u00e9l\u00e9br\u00e9e le dimanche qui suit le dimanche de P\u00e2ques. Nous rappelle la mis\u00e9ricorde de Dieu pour l&#8217;Humanit\u00e9.<\/p>\n<p><a id=\"F\u00eate14\"><\/a>Octave, Sainte Vierge Marie Consolatrice des Afflig\u00e9s, Consolatrice degli afflitti, Tr\u00f6sterin der Betr\u00fcbten: c\u00e9l\u00e9br\u00e9e le 3e dimanche apr\u00e8s P\u00e2ques pour une dur\u00e9e de g\u00e9n\u00e9ralement deux semaines, chaque paroisse a son jour de p\u00e8lerinage vers la cath\u00e9drale de Luxembourg, la c\u00e9r\u00e9monie d&#8217;ouverture a lieu le samedi soir d&#8217;avant.<\/p>\n<p><a id=\"F\u00eate15\"><\/a>Jours de Rogation, Rogazioni, Bitttage: 3 jours avant l&#8217;Ascension, \u00ab demandez ce que voudrez et cela vous sera accord\u00e9 \u00bb.<\/p>\n<p><a id=\"F\u00eate16\"><\/a>Ascension, Ascensione, Christihimmelfahrt: c\u00e9l\u00e9br\u00e9e un jeudi,\u00a040 jours apr\u00e8s P\u00e2ques (compris)<\/p>\n<p><a id=\"F\u00eate17\"><\/a>Pentec\u00f4te, Pentecoste, Pflingsten: c\u00e9l\u00e9br\u00e9e\u00a050 jours apr\u00e8s P\u00e2ques (compris) ou septi\u00e8me dimanche apr\u00e8s P\u00e2ques. Descente de l&#8217;Esprit Saint sur les ap\u00f4tres.<\/p>\n<p><a id=\"F\u00eate18\"><\/a>Trinit\u00e9, Trinit\u00e0, Dreifaltigkeitsfest: c\u00e9l\u00e9br\u00e9e dimanche apr\u00e8s Pentec\u00f4te. Premier des myst\u00e8res chr\u00e9tiens importants.<\/p>\n<p><a id=\"F\u00eate19\"><\/a>F\u00eate-Dieu, Corpus Domini, Fronleichnam: c\u00e9l\u00e9br\u00e9e 60 jours apr\u00e8s P\u00e2ques, jeudi apr\u00e8s Trinit\u00e9. C\u00e9l\u00e8bre la pr\u00e9sence r\u00e9elle de J\u00e9sus dans l&#8217;eucharistie.<\/p>\n<p><a id=\"F\u00eate20\"><\/a>Sacr\u00e9 Coeur, Sacro Cuore, Herz-Jesu: c\u00e9l\u00e9br\u00e9e 19 jours apr\u00e8s le dimanche de la Pentec\u00f4te ou le troisi\u00e8me vendredi apr\u00e8s. Nous rappelle que J\u00e9sus est devenu homme et a donn\u00e9 sa vie pour la r\u00e9demption des p\u00e9ch\u00e9s.<\/p>\n<p><a id=\"F\u00eate21\"><\/a>St Jean-Baptise, S. Giovanni Battista, Hl Johannes der T\u00e4ufer: c\u00e9l\u00e9br\u00e9e le 24 juin<\/p>\n<p><a id=\"F\u00eate22\"><\/a>Sts Pierre et Paul, SS Pietro e Paolo, Hl Peter und Paul: c\u00e9l\u00e9br\u00e9e le 29 juin<\/p>\n<p><a id=\"F\u00eate23\"><\/a>Transfiguration, Trasfigurazione, Verkl\u00e4rung des Herrn: c\u00e9l\u00e9br\u00e9e le 6 ao\u00fbt, nous rappelle un \u00e9pisode de la Bible et un des myst\u00e8res lumineux (rosaire). Cette \u00e9pisode devrait nous donner la preuve que J\u00e9sus est vraiment d&#8217;origine divine et pas un simle proph\u00e8te.<\/p>\n<p><a id=\"F\u00eate24\"><\/a>Assomption, Assunzione, Mariahimmelfahrt: c\u00e9l\u00e9br\u00e9e le 15 ao\u00fbt.<\/p>\n<p><a id=\"F\u00eate25\"><\/a>Nativit\u00e9 de Marie, Nativit\u00e0 di Maria, Mari\u00e4 Geburt: c\u00e9l\u00e9br\u00e9e le 8 septembre, Une des\u00a0f\u00eates mariales du calendrier liturgique. Voici la liste des f\u00eates (fixes) mariales:<\/p>\n<table width=\"470\">\n<tbody>\n<tr>\n<td><strong>1 janvier <\/strong><\/td>\n<td><strong>Solennit\u00e9 de Sainte-Marie, M\u00e8re de Dieu <\/strong><\/td>\n<\/tr>\n<tr>\n<td><strong>2 f\u00e9vrier <\/strong><\/td>\n<td><strong>F\u00eate de la Pr\u00e9sentation du Seigneur au Temple <\/strong><\/td>\n<\/tr>\n<tr>\n<td><strong>11 f\u00e9vrier <\/strong><\/td>\n<td><strong>M\u00e9moire (facultative) de Notre-Dame de Lourdes <\/strong><\/td>\n<\/tr>\n<tr>\n<td><strong>25 mars <\/strong><\/td>\n<td><strong>Solennit\u00e9 de l\u2019Annonciation du Seigneur <\/strong><\/td>\n<\/tr>\n<tr>\n<td><strong>31 mai <\/strong><\/td>\n<td><strong>F\u00eate de la Visitation de la Vierge Marie <\/strong><\/td>\n<\/tr>\n<tr>\n<td><strong>Samedi apr\u00e8s la solennit\u00e9 du Sacr\u00e9-Coeur <\/strong><\/td>\n<td><strong>M\u00e9moire du Coeur Immacul\u00e9 (Sacr\u00e9-Coeur)\u00a0de Marie<\/strong><\/td>\n<\/tr>\n<tr>\n<td><strong>16 juillet <\/strong><\/td>\n<td><strong>M\u00e9moire (facultative) de Notre-Dame du Mont-Carmel <\/strong><\/td>\n<\/tr>\n<tr>\n<td><strong>5 ao\u00fbt <\/strong><\/td>\n<td><strong>M\u00e9moire (facultative) de la d\u00e9dicace de Sainte-Marie-Majeure <\/strong><\/td>\n<\/tr>\n<tr>\n<td><strong>15 ao\u00fbt <\/strong><\/td>\n<td><strong>Solennit\u00e9 de l\u2019Assomption de la Vierge Marie <\/strong><\/td>\n<\/tr>\n<tr>\n<td><strong>22 ao\u00fbt <\/strong><\/td>\n<td><strong>M\u00e9moire de la Vierge Marie Reine (du ciel)<\/strong><\/td>\n<\/tr>\n<tr>\n<td><strong>8 septembre <\/strong><\/td>\n<td><strong>F\u00eate de la Nativit\u00e9 de la Vierge Marie <\/strong><\/td>\n<\/tr>\n<tr>\n<td><strong>15 septembre <\/strong><\/td>\n<td><strong>M\u00e9moire de Notre-Dame-des-Douleurs <\/strong><\/td>\n<\/tr>\n<tr>\n<td><strong>7 octobre <\/strong><\/td>\n<td><strong>M\u00e9moire de Notre-Dame-du-Rosaire <\/strong><\/td>\n<\/tr>\n<tr>\n<td><strong>21 novembre <\/strong><\/td>\n<td><strong>Pr\u00e9sentation de la Vierge Marie (au temple)<\/strong><\/td>\n<\/tr>\n<tr>\n<td><strong>8 d\u00e9cembre <\/strong><\/td>\n<td><strong>Solennit\u00e9 de l\u2019Immacul\u00e9e Conception <\/strong><\/td>\n<\/tr>\n<\/tbody>\n<\/table>\n<p><a id=\"F\u00eate26\"><\/a>Toussaint, Giorno di Tutti i Santi, Allerheiligen: c\u00e9l\u00e9br\u00e9e le 1er novembre. Honore tous les saints, connus et inconnus.<\/p>\n<p><a id=\"F\u00eate27\"><\/a>D\u00e9funts, Commemorazione dei defunti, Allerseelen: c\u00e9l\u00e9br\u00e9e le 2 novembre, jour des morts.<\/p>\n<p><a id=\"F\u00eate28\"><\/a>Christ-Roi, Solennit\u00e0 di Cristo Re,\u00a0Christk\u00f6nigsfest: c\u00e9l\u00e9br\u00e9e le dimanche avant le premier dimanche de l&#8217;Avent. Met l&#8217;accent sur la royaut\u00e9 du Christ, Christ roi de l&#8217;univers et pas seulement des Isra\u00e9lites. Chaque nation est tenu de se tenir aux lois du Christ.<\/p>\n<p><a id=\"F\u00eate29\"><\/a>Dimanches de l&#8217;avent, Domenica de l&#8217;avento, Adventssonntag: c\u00e9l\u00e9br\u00e9s les 4 dimanches avant No\u00ebl, doivent nous pr\u00e9parer \u00e0 la venue du Christ. Le premier dimanche de l&#8217;avent inaugure aussi la nouvelle ann\u00e9e liturgique.<\/p>\n<p><a id=\"F\u00eate30\"><\/a>Immacul\u00e9e Conception, Immacolata Concezione, Unbefleckte Empf\u00e4ngnis: c\u00e9l\u00e9br\u00e9e le 8 d\u00e9cembre. Met l&#8217;accent sur le fait que la Vierge Marie a \u00e9t\u00e9 \u00e9pargn\u00e9e du p\u00e9ch\u00e9 originel.<\/p>\n<p><a id=\"F\u00eate31\"><\/a>No\u00ebl, Natale, Weihnachten: c\u00e9l\u00e9br\u00e9e le 25 d\u00e9cembre. C\u00e9l\u00e8bre la naissance de J\u00e9sus. Le jour d&#8217;apr\u00e8s, le 26 d\u00e9cembre, la Saint-Etienne, est un jour f\u00e9ri\u00e9 dans plusieurs pays. Les grandes f\u00eates catholiques sont souvent suivies d&#8217;un deuxi\u00e8me jour f\u00e9ri\u00e9 comme lundi de p\u00e2ques ou lundi de pentec\u00f4te. Saint \u00c9tienne est le premier martyr de la chr\u00e9tient\u00e9.<\/p>\n<div class='watch-action'><div class='watch-position align-left'><div class='action-like'><a class='lbg-style1 like-481 jlk' href='javascript:void(0)' data-task='like' data-post_id='481' data-nonce='3ee8b4e5c2' rel='nofollow'><img class='wti-pixel' src='http:\/\/vincenzosportelli.lu\/wp\/wp-content\/plugins\/wti-like-post\/images\/pixel.gif' title='Like' \/><span class='lc-481 lc'>+3<\/span><\/a><\/div><div class='action-unlike'><a class='unlbg-style1 unlike-481 jlk' href='javascript:void(0)' data-task='unlike' data-post_id='481' data-nonce='3ee8b4e5c2' rel='nofollow'><img class='wti-pixel' src='http:\/\/vincenzosportelli.lu\/wp\/wp-content\/plugins\/wti-like-post\/images\/pixel.gif' title='Unlike' \/><span class='unlc-481 unlc'>0<\/span><\/a><\/div> <\/div> <div class='status-481 status align-left'><\/div><\/div><div class='wti-clear'><\/div>","protected":false},"excerpt":{"rendered":"<p>Pour rappel honorer les f\u00eates est un des 10 commandements. (f): F\u00eate fixe (obl): f\u00eate (et participation messe et repos) obligatoire selon Eglise (outre les dimanches) 1 janvier jour de l&#8217;an\/Ste Marie (f) (obl) 6 janvier \u00c9piphanie du Seigneur (f)\u00a0(obl) &hellip; <a href=\"http:\/\/vincenzosportelli.lu\/wp\/?p=481\">Continue reading <span class=\"meta-nav\">&rarr;<\/span><\/a><\/p>\n","protected":false},"author":1,"featured_media":0,"comment_status":"open","ping_status":"open","sticky":false,"template":"","format":"standard","meta":{"footnotes":""},"categories":[3],"tags":[],"class_list":["post-481","post","type-post","status-publish","format-standard","hentry","category-foietvie"],"_links":{"self":[{"href":"http:\/\/vincenzosportelli.lu\/wp\/index.php?rest_route=\/wp\/v2\/posts\/481","targetHints":{"allow":["GET"]}}],"collection":[{"href":"http:\/\/vincenzosportelli.lu\/wp\/index.php?rest_route=\/wp\/v2\/posts"}],"about":[{"href":"http:\/\/vincenzosportelli.lu\/wp\/index.php?rest_route=\/wp\/v2\/types\/post"}],"author":[{"embeddable":true,"href":"http:\/\/vincenzosportelli.lu\/wp\/index.php?rest_route=\/wp\/v2\/users\/1"}],"replies":[{"embeddable":true,"href":"http:\/\/vincenzosportelli.lu\/wp\/index.php?rest_route=%2Fwp%2Fv2%2Fcomments&post=481"}],"version-history":[{"count":80,"href":"http:\/\/vincenzosportelli.lu\/wp\/index.php?rest_route=\/wp\/v2\/posts\/481\/revisions"}],"predecessor-version":[{"id":5882,"href":"http:\/\/vincenzosportelli.lu\/wp\/index.php?rest_route=\/wp\/v2\/posts\/481\/revisions\/5882"}],"wp:attachment":[{"href":"http:\/\/vincenzosportelli.lu\/wp\/index.php?rest_route=%2Fwp%2Fv2%2Fmedia&parent=481"}],"wp:term":[{"taxonomy":"category","embeddable":true,"href":"http:\/\/vincenzosportelli.lu\/wp\/index.php?rest_route=%2Fwp%2Fv2%2Fcategories&post=481"},{"taxonomy":"post_tag","embeddable":true,"href":"http:\/\/vincenzosportelli.lu\/wp\/index.php?rest_route=%2Fwp%2Fv2%2Ftags&post=481"}],"curies":[{"name":"wp","href":"https:\/\/api.w.org\/{rel}","templated":true}]}}