{"id":4715,"date":"2021-02-12T19:53:54","date_gmt":"2021-02-12T18:53:54","guid":{"rendered":"http:\/\/vincenzosportelli.lu\/wp\/?p=4715"},"modified":"2026-03-09T15:24:51","modified_gmt":"2026-03-09T14:24:51","slug":"apresentacao","status":"publish","type":"post","link":"http:\/\/vincenzosportelli.lu\/wp\/?p=4715","title":{"rendered":"Apresenta\u00e7\u00e3o (P)"},"content":{"rendered":"<h2><a href=\"http:\/\/vincenzosportelli.lu\/wp\/\"><img loading=\"lazy\" decoding=\"async\" class=\"\" src=\"https:\/\/upload.wikimedia.org\/wikipedia\/commons\/thumb\/c\/c3\/Flag_of_France.svg\/langfr-1280px-Flag_of_France.svg.png\" width=\"32\" height=\"20\" \/><\/a>\u00a0 \u00a0<a href=\"http:\/\/vincenzosportelli.lu\/wp\/?p=54\"><img loading=\"lazy\" decoding=\"async\" src=\"http:\/\/upload.wikimedia.org\/wikipedia\/commons\/thumb\/3\/38\/Civil_Ensign_of_Luxembourg.svg\/800px-Civil_Ensign_of_Luxembourg.svg.png\" srcset=\"\/\/upload.wikimedia.org\/wikipedia\/commons\/thumb\/3\/38\/Civil_Ensign_of_Luxembourg.svg\/1200px-Civil_Ensign_of_Luxembourg.svg.png 1.5x, \/\/upload.wikimedia.org\/wikipedia\/commons\/thumb\/3\/38\/Civil_Ensign_of_Luxembourg.svg\/1599px-Civil_Ensign_of_Luxembourg.svg.png 2x\" alt=\"File:Civil Ensign of Luxembourg.svg\" width=\"31\" height=\"22\" data-file-height=\"850\" data-file-width=\"1190\" \/><\/a> \u00a0 <a href=\"http:\/\/vincenzosportelli.lu\/wp\/?p=9\"><img loading=\"lazy\" decoding=\"async\" class=\"mw-mmv-dialog-is-open\" src=\"https:\/\/upload.wikimedia.org\/wikipedia\/commons\/thumb\/0\/03\/Flag_of_Italy.svg\/langfr-1280px-Flag_of_Italy.svg.png\" width=\"31\" height=\"20\" \/><\/a> \u00a0 <a href=\"http:\/\/vincenzosportelli.lu\/wp\/?p=5093\"><img loading=\"lazy\" decoding=\"async\" class=\"irc_mut\" src=\"https:\/\/encrypted-tbn2.gstatic.com\/images?q=tbn:ANd9GcQ1bhTESWAsVbkY9HlQuS1MxoXvehO62Tk37X8C3-AoHe-HJUx6\" alt=\"\" width=\"32\" height=\"19\" \/><\/a> \u00a0 <a href=\"http:\/\/vincenzosportelli.lu\/wp\/?p=50\"><img loading=\"lazy\" decoding=\"async\" class=\"\" src=\"https:\/\/www.publicdomainpictures.net\/pictures\/120000\/velka\/united-kingdom-flag.jpg\" alt=\"Drapeau\" width=\"30\" height=\"20\" \/><\/a> \u00a0 <a href=\"http:\/\/vincenzosportelli.lu\/wp\/?p=2072\"><img loading=\"lazy\" decoding=\"async\" src=\"https:\/\/upload.wikimedia.org\/wikipedia\/commons\/thumb\/f\/f3\/Flag_of_Russia.svg\/900px-Flag_of_Russia.svg.png\" width=\"35\" height=\"23\" \/><\/a> \u00a0 <a href=\"http:\/\/vincenzosportelli.lu\/wp\/?p=5184\"><img loading=\"lazy\" decoding=\"async\" class=\"\" src=\"https:\/\/upload.wikimedia.org\/wikipedia\/commons\/thumb\/b\/bf\/Flag_of_Bosnia_and_Herzegovina.svg\/langfr-1920px-Flag_of_Bosnia_and_Herzegovina.svg.png\" width=\"44\" height=\"22\" \/><\/a> \u00a0 <a href=\"http:\/\/vincenzosportelli.lu\/wp\/?p=4715\"><img loading=\"lazy\" decoding=\"async\" class=\"\" src=\"https:\/\/encycolorpedia.com\/flags\/portugal.svg\" alt=\"Portugal\" width=\"32\" height=\"21\" \/><\/a>\u00a0 \u00a0<a href=\"http:\/\/vincenzosportelli.lu\/wp\/?p=52\"><img loading=\"lazy\" decoding=\"async\" src=\"http:\/\/upload.wikimedia.org\/wikipedia\/commons\/thumb\/9\/99\/Flag_of_the_Philippines.svg\/800px-Flag_of_the_Philippines.svg.png\" srcset=\"\/\/upload.wikimedia.org\/wikipedia\/commons\/thumb\/9\/99\/Flag_of_the_Philippines.svg\/1200px-Flag_of_the_Philippines.svg.png 1.5x, \/\/upload.wikimedia.org\/wikipedia\/commons\/thumb\/9\/99\/Flag_of_the_Philippines.svg\/1600px-Flag_of_the_Philippines.svg.png 2x\" alt=\"File:Flag of the Philippines.svg\" width=\"43\" height=\"21\" data-file-height=\"450\" data-file-width=\"900\" \/><\/a>\u00a0 \u00a0Bemvindo !<\/h2>\n<p><img loading=\"lazy\" decoding=\"async\" class=\"\" src=\"http:\/\/vincenzosportelli.lu\/wp\/wp-content\/uploads\/2015\/02\/1480683014762-1-191x300.jpg\" width=\"35\" height=\"55\" \/> Eu, Vincenzo Sportelli, falo um pouco de portugu\u00eas. Eu estou aprendendo muito devagar, obrigado <em>google translate !<\/em>\u00a0A pron\u00fancia correto do meu nome \u00e9 <em>Vinchenzo<\/em>, eles me chamam tamb\u00e9m Vinz, Enzo, Vincent mas non tenho fam\u00edlia em Sui\u00e7a ou America ou em youtube. Sob a bandeira das Filipinas est\u00e3o fotos de familia. Obrigado por like\/dislike. Contato comigo: correio eletr\u00f3nico aqui ou <a href=\"https:\/\/www.facebook.com\/vincenzo.sportelli.357\" target=\"_blank\" rel=\"noopener noreferrer\">messenger<\/a>.<\/p>\n<p>P.S.: Levou um grande esc\u00e2ndalo para que Monica Semedo perceber que existe racismo em Luxemburgo. E grande problema ! O mobbing n\u00e3o \u00e9 aceit\u00e1vel mas ela pensou que era imune ao racismo. Bemvindo entre os marginalizados !<\/p>\n<h2><span style=\"color: #3366ff;\"><strong>A fam\u00edlia \u00e9 sempre sagrada !<\/strong><\/span><\/h2>\n<div class='watch-action'><div class='watch-position align-left'><div class='action-like'><a class='lbg-style1 like-4715 jlk' href='javascript:void(0)' data-task='like' data-post_id='4715' data-nonce='b310e7655b' rel='nofollow'><img class='wti-pixel' src='http:\/\/vincenzosportelli.lu\/wp\/wp-content\/plugins\/wti-like-post\/images\/pixel.gif' title='Like' \/><span class='lc-4715 lc'>0<\/span><\/a><\/div><div class='action-unlike'><a class='unlbg-style1 unlike-4715 jlk' href='javascript:void(0)' data-task='unlike' data-post_id='4715' data-nonce='b310e7655b' rel='nofollow'><img class='wti-pixel' src='http:\/\/vincenzosportelli.lu\/wp\/wp-content\/plugins\/wti-like-post\/images\/pixel.gif' title='Unlike' \/><span class='unlc-4715 unlc'>0<\/span><\/a><\/div> <\/div> <div class='status-4715 status align-left'><\/div><\/div><div class='wti-clear'><\/div>","protected":false},"excerpt":{"rendered":"<p>\u00a0 \u00a0 \u00a0 \u00a0 \u00a0 \u00a0 \u00a0 \u00a0 \u00a0 \u00a0\u00a0 \u00a0Bemvindo ! Eu, Vincenzo Sportelli, falo um pouco de portugu\u00eas. Eu estou aprendendo muito devagar, obrigado google translate !\u00a0A pron\u00fancia correto do meu nome \u00e9 Vinchenzo, eles me chamam tamb\u00e9m &hellip; <a href=\"http:\/\/vincenzosportelli.lu\/wp\/?p=4715\">Continue reading <span class=\"meta-nav\">&rarr;<\/span><\/a><\/p>\n","protected":false},"author":1,"featured_media":0,"comment_status":"open","ping_status":"open","sticky":false,"template":"","format":"standard","meta":{"footnotes":""},"categories":[1],"tags":[],"class_list":["post-4715","post","type-post","status-publish","format-standard","hentry","category-uncategorized"],"_links":{"self":[{"href":"http:\/\/vincenzosportelli.lu\/wp\/index.php?rest_route=\/wp\/v2\/posts\/4715","targetHints":{"allow":["GET"]}}],"collection":[{"href":"http:\/\/vincenzosportelli.lu\/wp\/index.php?rest_route=\/wp\/v2\/posts"}],"about":[{"href":"http:\/\/vincenzosportelli.lu\/wp\/index.php?rest_route=\/wp\/v2\/types\/post"}],"author":[{"embeddable":true,"href":"http:\/\/vincenzosportelli.lu\/wp\/index.php?rest_route=\/wp\/v2\/users\/1"}],"replies":[{"embeddable":true,"href":"http:\/\/vincenzosportelli.lu\/wp\/index.php?rest_route=%2Fwp%2Fv2%2Fcomments&post=4715"}],"version-history":[{"count":35,"href":"http:\/\/vincenzosportelli.lu\/wp\/index.php?rest_route=\/wp\/v2\/posts\/4715\/revisions"}],"predecessor-version":[{"id":5947,"href":"http:\/\/vincenzosportelli.lu\/wp\/index.php?rest_route=\/wp\/v2\/posts\/4715\/revisions\/5947"}],"wp:attachment":[{"href":"http:\/\/vincenzosportelli.lu\/wp\/index.php?rest_route=%2Fwp%2Fv2%2Fmedia&parent=4715"}],"wp:term":[{"taxonomy":"category","embeddable":true,"href":"http:\/\/vincenzosportelli.lu\/wp\/index.php?rest_route=%2Fwp%2Fv2%2Fcategories&post=4715"},{"taxonomy":"post_tag","embeddable":true,"href":"http:\/\/vincenzosportelli.lu\/wp\/index.php?rest_route=%2Fwp%2Fv2%2Ftags&post=4715"}],"curies":[{"name":"wp","href":"https:\/\/api.w.org\/{rel}","templated":true}]}}