{"id":4152,"date":"2020-02-14T20:07:27","date_gmt":"2020-02-14T19:07:27","guid":{"rendered":"http:\/\/vincenzosportelli.lu\/wp\/?p=4152"},"modified":"2020-02-18T21:48:24","modified_gmt":"2020-02-18T20:48:24","slug":"europe-2","status":"publish","type":"post","link":"http:\/\/vincenzosportelli.lu\/wp\/?p=4152","title":{"rendered":"Europe (2)"},"content":{"rendered":"<p>Je ne sais pas si vous avez vu le film &#8220;L&#8217;exorciste&#8221;. Une des th\u00e9ories avanc\u00e9es dans le film est que l&#8217;Union Europ\u00e9enne serait la r\u00e9surrection de l&#8217;empire romain et ce serait un signe de la venue de l&#8217;antichrist. Avez-vous lu le livre de l&#8217;apocalypse ? Certains pensent que la grande pute serait l&#8217;Union Europ\u00e9enne. La &#8220;grande pute&#8221; est aussi un pr\u00e9lude de la fin des temps. Une chose est claire: l&#8217;Europe est un projet noble et ses d\u00e9buts sont louables. Mais les choses se sont d\u00e9grad\u00e9es, l&#8217;Europe s&#8217;est \u00e9loign\u00e9e de ses propres id\u00e9aux. Mais de l\u00e0 \u00e0 pr\u00e9tendre que l&#8217;Europe est gouvern\u00e9e par l&#8217;antichrist comme le font certains extr\u00e9mistes protestants am\u00e9ricains n&#8217;est que de la pure fiction.<\/p>\n<p>L&#8217;Europe fait du mal, non seulement \u00e0 ses propres membres, comme en t\u00e9moigne la Gr\u00e8ce, mais aussi au monde, comme en t\u00e9moigne l&#8217;exemple du conflit ukrainien, une guerre qui aurait absolument du \u00eatre \u00e9vit\u00e9e. C&#8217;est trop facile de donner la faute seulement \u00e0 Poutine, l&#8217;Europe a une tr\u00e8s grande responsabilit\u00e9, elle aurait du savoir que la Russie ne resterait pas l\u00e0 \u00e0 ne rien faire. Pourquoi ne pas inviter la Russie \u00e0 \u00eatre membre de l&#8217;Union Europ\u00e9enne ? D&#8217;apr\u00e8s ce que je sais la Russie fait toujours partie du continent europ\u00e9en tout comme la Turquie d&#8217;ailleurs.<\/p>\n<p>L&#8217;Europe donne un mauvais exemple. Pourquoi tant de gens issues des minorit\u00e9s ont vot\u00e9 pour le Brexit au Royaume-Uni ? Justement car l&#8217;Europe donne l&#8217;image d&#8217;un ensemble intol\u00e9rant, et islamophobe surtout. L&#8217;Europe a rat\u00e9 une occasion de dialogue avec l&#8217;islam, l\u00e0 aussi elle a du aller s\u00e9mer la zizanie. On ne connaitra jamais le r\u00f4le exact jou\u00e9 par l&#8217;Europe avec le groupe &#8220;Etat Islamique&#8221;. Est-ce que l&#8217;Union Europ\u00e9enne n&#8217;\u00e9tait pas un des p\u00e8res de l&#8217;EI avant de se retourner contre lui ? (Voir mes articles sur la guerre en Syrie et surtout <a href=\"http:\/\/vincenzosportelli.lu\/wp\/?p=1020\">celui-ci<\/a>). Le r\u00f4le jou\u00e9 par l&#8217;Europe dans la guerre en Syrie n&#8217;est pas tr\u00e8s clair. Une chose est sure: l&#8217;Europe est manipul\u00e9e par des groupes d&#8217;int\u00e9r\u00eat. Peut-\u00eatre qu&#8217;il y en a qui sont au service de l&#8217;antichrist &#8211; s&#8217;il existe.<\/p>\n<p>L&#8217;Europe donne l&#8217;image d&#8217;un grand tigre en papier, un monstre de bureaucratie anonyme et inhumain. Elle n&#8217;a pas su g\u00e9rer les probl\u00e8mes avec les PIIGS (Portugal, Italie, Irlande, Gr\u00e8ce, Espagne) m\u00eame si certains pays s&#8217;en sont sortis comme le Portugal ou l&#8217;Espagne. Des milliards ont \u00e9t\u00e9 d\u00e9pens\u00e9s, des sommes faramineuses et le reste de l&#8217;Europe pense que ces milliards ont \u00e9t\u00e9 jet\u00e9s par la fen\u00eatre. D&#8217;o\u00f9 sont venus tous ces milliards ? Qui peut dire la v\u00e9rit\u00e9 ? Un des arguments des<em> leavers<\/em> est que les Etats se perdraient dans l&#8217;Europe, qu&#8217;ils ne seraient plus ind\u00e9pendants. Il faut dire que la politique d&#8217;information n&#8217;est pas des meilleures, qui connait les r\u00e9ponses aux derni\u00e8res questions de cet article ?<\/p>\n<p>Les id\u00e9aux des p\u00e8res de l&#8217;Europe ne sont pas encore morts. Les extr\u00e9mistes \u00e9vang\u00e9liques am\u00e9ricains feraient peut-\u00eatre mieux de regarder dans leur arri\u00e8re-cour, il se pourrait bien que leur antichrist soit beaucoup plus pr\u00e8s d&#8217;eux qu&#8217;ils pourraient l&#8217;imaginer. Il est temps de se poser des questions et de tenter un renouveau, l&#8217;Europe doit \u00eatre plus d\u00e9mocratique et transparente, tout n&#8217;est pas perdu mais on est sur la mauvaise voie. Il faut une Nouvelle Europe Unie, il s&#8217;agit de recr\u00e9er l&#8217;Europe sur un \u00e9lan nouveau !<\/p>\n<div class='watch-action'><div class='watch-position align-left'><div class='action-like'><a class='lbg-style1 like-4152 jlk' href='javascript:void(0)' data-task='like' data-post_id='4152' data-nonce='3ee8b4e5c2' rel='nofollow'><img class='wti-pixel' src='http:\/\/vincenzosportelli.lu\/wp\/wp-content\/plugins\/wti-like-post\/images\/pixel.gif' title='Like' \/><span class='lc-4152 lc'>+1<\/span><\/a><\/div><div class='action-unlike'><a class='unlbg-style1 unlike-4152 jlk' href='javascript:void(0)' data-task='unlike' data-post_id='4152' data-nonce='3ee8b4e5c2' rel='nofollow'><img class='wti-pixel' src='http:\/\/vincenzosportelli.lu\/wp\/wp-content\/plugins\/wti-like-post\/images\/pixel.gif' title='Unlike' \/><span class='unlc-4152 unlc'>0<\/span><\/a><\/div> <\/div> <div class='status-4152 status align-left'><\/div><\/div><div class='wti-clear'><\/div>","protected":false},"excerpt":{"rendered":"<p>Je ne sais pas si vous avez vu le film &#8220;L&#8217;exorciste&#8221;. Une des th\u00e9ories avanc\u00e9es dans le film est que l&#8217;Union Europ\u00e9enne serait la r\u00e9surrection de l&#8217;empire romain et ce serait un signe de la venue de l&#8217;antichrist. Avez-vous lu &hellip; <a href=\"http:\/\/vincenzosportelli.lu\/wp\/?p=4152\">Continue reading <span class=\"meta-nav\">&rarr;<\/span><\/a><\/p>\n","protected":false},"author":1,"featured_media":0,"comment_status":"open","ping_status":"open","sticky":false,"template":"","format":"standard","meta":{"footnotes":""},"categories":[1],"tags":[],"class_list":["post-4152","post","type-post","status-publish","format-standard","hentry","category-uncategorized"],"_links":{"self":[{"href":"http:\/\/vincenzosportelli.lu\/wp\/index.php?rest_route=\/wp\/v2\/posts\/4152","targetHints":{"allow":["GET"]}}],"collection":[{"href":"http:\/\/vincenzosportelli.lu\/wp\/index.php?rest_route=\/wp\/v2\/posts"}],"about":[{"href":"http:\/\/vincenzosportelli.lu\/wp\/index.php?rest_route=\/wp\/v2\/types\/post"}],"author":[{"embeddable":true,"href":"http:\/\/vincenzosportelli.lu\/wp\/index.php?rest_route=\/wp\/v2\/users\/1"}],"replies":[{"embeddable":true,"href":"http:\/\/vincenzosportelli.lu\/wp\/index.php?rest_route=%2Fwp%2Fv2%2Fcomments&post=4152"}],"version-history":[{"count":16,"href":"http:\/\/vincenzosportelli.lu\/wp\/index.php?rest_route=\/wp\/v2\/posts\/4152\/revisions"}],"predecessor-version":[{"id":4177,"href":"http:\/\/vincenzosportelli.lu\/wp\/index.php?rest_route=\/wp\/v2\/posts\/4152\/revisions\/4177"}],"wp:attachment":[{"href":"http:\/\/vincenzosportelli.lu\/wp\/index.php?rest_route=%2Fwp%2Fv2%2Fmedia&parent=4152"}],"wp:term":[{"taxonomy":"category","embeddable":true,"href":"http:\/\/vincenzosportelli.lu\/wp\/index.php?rest_route=%2Fwp%2Fv2%2Fcategories&post=4152"},{"taxonomy":"post_tag","embeddable":true,"href":"http:\/\/vincenzosportelli.lu\/wp\/index.php?rest_route=%2Fwp%2Fv2%2Ftags&post=4152"}],"curies":[{"name":"wp","href":"https:\/\/api.w.org\/{rel}","templated":true}]}}