{"id":3274,"date":"2019-07-17T12:17:46","date_gmt":"2019-07-17T11:17:46","guid":{"rendered":"http:\/\/vincenzosportelli.lu\/wp\/?p=3274"},"modified":"2025-07-19T16:44:45","modified_gmt":"2025-07-19T15:44:45","slug":"nb","status":"publish","type":"post","link":"http:\/\/vincenzosportelli.lu\/wp\/?p=3274","title":{"rendered":"ReadMe"},"content":{"rendered":"<p>1) A ce jour (4.03.2021) j&#8217;ai \u00e9crit plus de 90 <em>posts<\/em> (ou articles). Tous, sans exception, sont accessibles via la premi\u00e8re page. Tout <a href=\"http:\/\/vincenzosportelli.lu\/wp\/?page_id=4\">Mon Blog<\/a> sur simple clic ici. Mon livre, qui n&#8217;est pas vraiment un post, n&#8217;est pas accessible.<\/p>\n<ul>\n<li>a) Je dois absolument signaler encore une fois que beaucoup de choses sont \u00e9crites avant tout pour moi, je pense surtout \u00e0 l&#8217;onglet &#8220;Vie_conseils&#8221;. En rendant service aux autres je rend avant tout service \u00e0 moi-m\u00eame comme dans ce <em>post<\/em>: <a href=\"http:\/\/vincenzosportelli.lu\/wp\/?p=1320\">cas graves: si \u00e7a ne va plus<\/a>.<\/li>\n<li>b) Demandez d&#8217;abord l&#8217;auteur, Vincenzo Sportelli, pour utiliser partie ou totalit\u00e9 d&#8217;un ou plusieurs articles !<\/li>\n<\/ul>\n<p>Sur la page &#8220;Pr\u00e9sentation&#8221; il y a beaucoup d&#8217;articles de culture g\u00e9n\u00e9rale. Certains articles se trouvent sous forme de lettres. Beaucoup d&#8217;informations se trouvent \u00e9galement dans la bande de droite.<\/p>\n<p>2) J&#8217;adore mon site et j&#8217;ai re\u00e7u des compliments pour mon site. J&#8217;en suis vraiment tr\u00e8s heureux. Malheureusement je n&#8217;ai pas toujours fait attention avec ce que j&#8217;ai \u00e9crit. Une de ces b\u00eatises a fini par me couter cher. Vraiment je le regrette et j&#8217;esp\u00e8re que j&#8217;aurais l&#8217;occasion d&#8217;expier mes erreurs. Je dois avouer que j&#8217;ai eu l&#8217;intention de fermer ce site.<\/p>\n<p>3) Il n&#8217;est pas pr\u00e9vu que je publie des prises de position \u00e0 chaque fois qu&#8217;il y a des grands \u00e9v\u00e9nements comme des attentats ou d\u00e9c\u00e8s de personnalit\u00e9s connues. Je n&#8217;ai pas de compte instagram, tiktok, twitter, LinkedIn, snapchat, youtube, etc. Pour l&#8217;instant ma seule pr\u00e9sence sur internet est mon site, mes adresses <em>email<\/em> et mon compte <a href=\"https:\/\/www.facebook.com\/vincenzo.sportelli.357\" target=\"_blank\" rel=\"noopener noreferrer\">facebook<\/a>. J&#8217;essaie de limiter ma pr\u00e9sence, pour les raisons, entre autres, que je viens de nommer. Normalement les emails envoy\u00e9s \u00e0 travers mon site sont publics, tout le monde peut les voir. En principe je r\u00e9pond \u00e0 tous les emails. Je dois souligner que j&#8217;ai pas mal d&#8217;homonymes dans le monde, m\u00eame au Luxembourg ! On peut n\u00e9anmoins me contacter aussi par <a href=\"https:\/\/www.facebook.com\/vincenzo.sportelli.357\" target=\"_blank\" rel=\"noopener noreferrer\"><em>messenger<\/em><\/a>.<\/p>\n<p>4) J&#8217;ai compl\u00e8tement chang\u00e9 mon opinion sur l&#8217;Union Europ\u00e9enne. Plus que jamais je suis maintenant convaincu qu&#8217;il n&#8217;y a pas de plan B. L&#8217;Union Europ\u00e9enne est un projet noble et il doit \u00eatre amplifi\u00e9 car vraiment il n&#8217;y a pas d&#8217;alternatives valables. Face \u00e0 cette Europe malade il faut plus d&#8217;Europe et pas moins ou pas du tout d&#8217;Europe. Malheureusement j&#8217;ai \u00e9crit beaucoup contre l&#8217;Union Europ\u00e9enne et maintenant un membre important est parti. Je suis rouge de honte ! Je suis n\u00e9anmoins d&#8217;avis que des pays comme la Gr\u00e8ce et l&#8217;Italie devraient menacer de quitter l&#8217;UE pour faire fl\u00e9chir la Merkel.<\/p>\n<p>5) L&#8217;article sur le harc\u00e8lement moral concerne en effet ma personne mais je dois souligner que j&#8217;essaie d&#8217;oublier cette histoire et que je ne veux pas trop en parler. La r\u00e9alit\u00e9 est un peu plus complexe que montr\u00e9 dans l&#8217;article.<\/p>\n<p>6) Normalement je ne publie pas de choses priv\u00e9es sur ma vie, la raison pour laquelle j&#8217;ai inclus des <a href=\"http:\/\/vincenzosportelli.lu\/wp\/?p=1154\">pri\u00e8res<\/a> un peu plus personnelles est qu&#8217;\u00e0 cet endroit les pri\u00e8res sont tr\u00e8s puissantes, la plupart ont m\u00eame \u00e9t\u00e9 exauc\u00e9es. Donc si vous voulez faire publier des pri\u00e8res, &#8220;pri\u00e8re&#8221; de me contacter. Il n&#8217;est nul besoin de garder ces pri\u00e8res \u00e9ternellement, on peut les effacer si elles ont atteint leur but. Au fait je n&#8217;ai toujours pas re\u00e7u de like\/dislike sur mon post &#8220;pri\u00e8res&#8221;&#8230;<\/p>\n<p>Sous les FAQ et les lettres on peut \u00e9galement trouver des \u00e9l\u00e9ments sur ma vie et mes id\u00e9es.<\/p>\n<p>7) Ce site n&#8217;est pas li\u00e9 \u00e0 un quelconque parti politique, association ou \u00e9glise sp\u00e9cifique. Les opinions ici exprim\u00e9es n&#8217;engagent que moi. Je rappelle que notre pays garantit la libert\u00e9 d&#8217;expression et que, en principe, chacun a le droit d&#8217;exprimer son opinion en Europe. Toutefois, parfois, pour que des opinions produisent un quelconque effet il faut prendre des risques en attaquant quelques uns. Dans mon cas ces quelques uns sont des personnages publics (politiciens, journal &#8220;Bild&#8221; ou certains pays), qui ont bien-s\u00fbr l&#8217;habitude d&#8217;\u00eatre attaqu\u00e9s. Une exception est l&#8217;athl\u00e8te Florence Griffith-Joyner. Selon un article du p\u00e9riodique fran\u00e7ais &#8220;L&#8217;Express&#8221; elle \u00e9tait dop\u00e9e lors des jeux olympiques de Seoul de 1988 mais elle avait conclu un accord pour ne pas \u00eatre poursuivie. Lire <a href=\"http:\/\/vincenzosportelli.lu\/wp\/?p=1476\">mon article<\/a> pour plus de d\u00e9tails. Lisez aussi <a href=\"http:\/\/vincenzosportelli.lu\/wp\/?p=1942\">ceci<\/a> (sur les dangers sur internet). Si quelqu&#8217;un n&#8217;est pas d&#8217;accord avec ce que j&#8217;\u00e9crit il peut faire un dislike ou me demander de publier sa prise de position, le <em><abbr class='c2c-text-hover' title='ou &lt;i&gt;Hate speech&lt;\/i&gt;, discours de haine et\/ou de violence ou de m\u00e9pris voir sarcasme diffamatoire et\/ou mena\u00e7ant souvent \u00e0 connotation raciste, antis\u00e9mite, misogyne, homophobe, sexiste, x\u00e9nophobe ou toute autre forme d\u00e9nigrante\/discriminatoire. Le cybermobbing est r\u00e9p\u00e9titif et utilise les r\u00e9seaux sociaux (surtout youtube).'>hatespeech<\/abbr>\/cybermobbing<\/em> n&#8217;est pas une option et pourrait \u00eatre poursuivi ! Personne n&#8217;est anonyme sur internet !<\/p>\n<p>Je ne pr\u00e9tend pas poss\u00e9der la v\u00e9rit\u00e9, j&#8217;avoue que je suis subjectif et pas objectif sur beaucoup de th\u00e8mes mais, justement, c&#8217;est en \u00e9tant subjectif qu&#8217;on r\u00e9ussit \u00e0 bouger les choses et \u00e0 les changer. L&#8217;objectivit\u00e9 n&#8217;est pas la v\u00e9rit\u00e9 et la v\u00e9rit\u00e9 n&#8217;est pas objective ! Je ne suis pas infaillible et j&#8217;\u00e9coute les autres et je les fais s&#8217;exprimer, \u00ab Je ne cherche pas \u00e0 convaincre mon adversaire, mais \u00e0 m\u2019unir \u00e0 lui dans une v\u00e9rit\u00e9 plus haute. \u00bb, Henri Lacordaire, religieux, journaliste et homme politique fran\u00e7ais du XIXe si\u00e8cle. La v\u00e9rit\u00e9 est contradictoire, &#8220;la contradiction est la cl\u00e9 vers la v\u00e9rit\u00e9&#8221;, Jacques Attali, homme d&#8217;Etat.<\/p>\n<p>8) Quand j&#8217;appelle au boycott d&#8217;un pays cela ne veut pas dire que j&#8217;attaque la population de ce pays. C&#8217;est la m\u00eame chose que lorsqu&#8217;on dit que critiquer des gens comme Harvey Weinstein ou Jeffrey Epstein pour le mal qu&#8217;ils ont fait serait de l&#8217;antis\u00e9mitisme. Devant une telle imb\u00e9cilit\u00e9 je devrais m\u00eame me taire mais malheureusement c&#8217;est l&#8217;imb\u00e9cilit\u00e9 qui gouverne le monde. Dans l&#8217;espoir que ces r\u00e9flexions puissent contribuer \u00e0 am\u00e9liorer le monde&#8230;<\/p>\n<p>9) Avant de me marier j&#8217;\u00e9tais comme un c\u00e9libataire endurci, je sais ce que \u00e7a veut dire \u00eatre seul. Ce site parle beaucoup de la famille mais il respecte aussi les c\u00e9libataires et les couples sans enfants. M\u00eame les personnes mari\u00e9es avec enfants peuvent sentir de la solitude. La solitude est un des grands probl\u00e8mes de ce temps et pas seulement chez les <em>singles<\/em>. Je rappelle encore une fois que notre plan\u00e8te est surpeupl\u00e9e et que nous ne pouvons pas nous permettre de continuer \u00e0 faire \u00e9norm\u00e9ment d&#8217;enfants. En Occident il convient de se poser la question si on ne devrait pas donner plus de place aux personnes \u00e2g\u00e9es. Dans le monde du travail j&#8217;ai d\u00fb constater deux changements majeurs ces derni\u00e8res ann\u00e9es: ce sont surtout les femmes sans enfants qui sont privil\u00e9gi\u00e9es pour des postes \u00e9lev\u00e9s. Le deuxi\u00e8me changement majeur est qu&#8217;on ne donne pas assez de valeur \u00e0 l&#8217;exp\u00e9rience, on pr\u00e9f\u00e8re se d\u00e9barrasser des employ\u00e9s plus \u00e2g\u00e9s au plus vite. Souvent sont privil\u00e9gi\u00e9s des jeunes avec peu d&#8217;exp\u00e9rience mais beaucoup d&#8217;\u00e9tudes. Les personnes \u00e2g\u00e9es ne sont pas souvent cit\u00e9es dans mon site mais il convient de se poser des questions.<\/p>\n<p>Autre chose: certaines personnes mari\u00e9es pensent que les <em>singles<\/em> sont des personnes frustr\u00e9es, entre autres parce qu&#8217;elles n&#8217;ont pas de sexe. Premi\u00e8rement: m\u00eame les personnes mari\u00e9es ne sont pas toutes satisfaites de leur vie sexuelle. Beaucoup, surtout les hommes, trompent leur partenaire ou vont voir les prostitu\u00e9(e)s. Deuxi\u00e8mement: les derni\u00e8res ann\u00e9es de mon c\u00e9libat j&#8217;\u00e9tais compl\u00e8tement chaste et je peux vous dire une chose: la chastet\u00e9 est une chose merveilleuse qui \u00e9l\u00e8ve l&#8217;esprit. Les hommes mari\u00e9s ont plus de probl\u00e8mes avec la sexualit\u00e9 que les <em>singles<\/em>. Certains c\u00e9libataires ont une vie sexuelle \u00e9panouie et ont plus de contacts sociaux que les hommes mari\u00e9s.<\/p>\n<p>10) Ce site n&#8217;est pas un site catholique, on peut me d\u00e9finir comme croyant-pratiquant mais je ne consid\u00e8re pas que l&#8217;\u00e9glise catholique poss\u00e8de la v\u00e9rit\u00e9. Mon site fait plusieurs fois la promotion du dialogue avec l&#8217;islam. J&#8217;ai eu l&#8217;occasion d&#8217;apprendre des \u00e9l\u00e9ments de la religion hindouiste, je consid\u00e8re qu&#8217;on peut apprendre beaucoup de cette religion et du bouddhisme (qui vient de l&#8217;hindouisme). Je suis d&#8217;avis que je n&#8217;ai pas le droit de cacher mes convictions religieuses mais de les partager le plus largement possible. La foi sert avant tout les autres. Si quelqu&#8217;un poss\u00e8de un rem\u00e8de exclusif contre certains maux il ne va pas le cacher non plus pour que personne n&#8217;en profite.<\/p>\n<p>Je n&#8217;ai rien contre le protestantisme. Je trouve regrettable que les diverses confessions chr\u00e9tiennes sont toujours tellement divis\u00e9es entre elles. Je ne suis pas d&#8217;accord avec certaines interpr\u00e9tations de la religion par certains Protestants mais \u00e7a ne veut pas dire que je suis contre le protestantisme. Par contre je critique beaucoup la toute-puissante \u00e9glise catholique dans mon site.<\/p>\n<div class='watch-action'><div class='watch-position align-left'><div class='action-like'><a class='lbg-style1 like-3274 jlk' href='javascript:void(0)' data-task='like' data-post_id='3274' data-nonce='c0f8c24f5c' rel='nofollow'><img class='wti-pixel' src='http:\/\/vincenzosportelli.lu\/wp\/wp-content\/plugins\/wti-like-post\/images\/pixel.gif' title='Like' \/><span class='lc-3274 lc'>+2<\/span><\/a><\/div><div class='action-unlike'><a class='unlbg-style1 unlike-3274 jlk' href='javascript:void(0)' data-task='unlike' data-post_id='3274' data-nonce='c0f8c24f5c' rel='nofollow'><img class='wti-pixel' src='http:\/\/vincenzosportelli.lu\/wp\/wp-content\/plugins\/wti-like-post\/images\/pixel.gif' title='Unlike' \/><span class='unlc-3274 unlc'>0<\/span><\/a><\/div> <\/div> <div class='status-3274 status align-left'><\/div><\/div><div class='wti-clear'><\/div>","protected":false},"excerpt":{"rendered":"<p>1) A ce jour (4.03.2021) j&#8217;ai \u00e9crit plus de 90 posts (ou articles). Tous, sans exception, sont accessibles via la premi\u00e8re page. Tout Mon Blog sur simple clic ici. Mon livre, qui n&#8217;est pas vraiment un post, n&#8217;est pas accessible. &hellip; <a href=\"http:\/\/vincenzosportelli.lu\/wp\/?p=3274\">Continue reading <span class=\"meta-nav\">&rarr;<\/span><\/a><\/p>\n","protected":false},"author":1,"featured_media":0,"comment_status":"open","ping_status":"open","sticky":false,"template":"","format":"standard","meta":{"footnotes":""},"categories":[1],"tags":[],"class_list":["post-3274","post","type-post","status-publish","format-standard","hentry","category-uncategorized"],"_links":{"self":[{"href":"http:\/\/vincenzosportelli.lu\/wp\/index.php?rest_route=\/wp\/v2\/posts\/3274","targetHints":{"allow":["GET"]}}],"collection":[{"href":"http:\/\/vincenzosportelli.lu\/wp\/index.php?rest_route=\/wp\/v2\/posts"}],"about":[{"href":"http:\/\/vincenzosportelli.lu\/wp\/index.php?rest_route=\/wp\/v2\/types\/post"}],"author":[{"embeddable":true,"href":"http:\/\/vincenzosportelli.lu\/wp\/index.php?rest_route=\/wp\/v2\/users\/1"}],"replies":[{"embeddable":true,"href":"http:\/\/vincenzosportelli.lu\/wp\/index.php?rest_route=%2Fwp%2Fv2%2Fcomments&post=3274"}],"version-history":[{"count":88,"href":"http:\/\/vincenzosportelli.lu\/wp\/index.php?rest_route=\/wp\/v2\/posts\/3274\/revisions"}],"predecessor-version":[{"id":5829,"href":"http:\/\/vincenzosportelli.lu\/wp\/index.php?rest_route=\/wp\/v2\/posts\/3274\/revisions\/5829"}],"wp:attachment":[{"href":"http:\/\/vincenzosportelli.lu\/wp\/index.php?rest_route=%2Fwp%2Fv2%2Fmedia&parent=3274"}],"wp:term":[{"taxonomy":"category","embeddable":true,"href":"http:\/\/vincenzosportelli.lu\/wp\/index.php?rest_route=%2Fwp%2Fv2%2Fcategories&post=3274"},{"taxonomy":"post_tag","embeddable":true,"href":"http:\/\/vincenzosportelli.lu\/wp\/index.php?rest_route=%2Fwp%2Fv2%2Ftags&post=3274"}],"curies":[{"name":"wp","href":"https:\/\/api.w.org\/{rel}","templated":true}]}}